{"id":5962,"date":"2019-06-28T17:09:33","date_gmt":"2019-06-28T21:09:33","guid":{"rendered":"http:\/\/www.jdx.info\/lutte\/?p=5962"},"modified":"2019-06-28T17:09:36","modified_gmt":"2019-06-28T21:09:36","slug":"fox-aurait-mieux-aimer-travailler-avec-heyman-que-bischoff-plus-de-details-sur-leurs-fonctions","status":"publish","type":"post","link":"https:\/\/www.jdx.info\/lutte\/2019\/06\/28\/fox-aurait-mieux-aimer-travailler-avec-heyman-que-bischoff-plus-de-details-sur-leurs-fonctions\/","title":{"rendered":"FOX Aurait Mieux Aimer Travailler avec Heyman que Bischoff! Plus de D\u00e9tails sur Leurs Fonctions!"},"content":{"rendered":"\n<p> Alors que les journalistes am\u00e9ricains sp\u00e9cialis\u00e9s adorent indiquer qu\u2019ils ont des  sources au sein de la WWE, aucun n\u2019a cependant eu vent de la r\u00e9volution au niveau de l\u2019organisation du booking. Mais depuis l&rsquo;annonce officiel, les d\u00e9tails sortent d&rsquo;heure en heure.<br><br> Le <em>PWInsider<\/em> pr\u00e9cise ainsi que Bischoff sera en haut de la  pyramide de Smackdown et Heyman de celle de RAW, ce que vous savez d\u00e9j\u00e0 depuis jeudi. Les deux resteront  cependant sous la direction de Vince McMahon, ce qui fait dire \u00e0  certaines personnes que la situation pourrait finalement ne pas \u00e9voluer  tant que cela mais c&rsquo;est un premier pas vers l&rsquo;avant. Une r\u00e9union r\u00e9ussissant les deux auraient eu lieu mardi  soir et c\u2019est \u00e0 ce moment-l\u00e0 qu\u2019ils auraient donn\u00e9 leurs accords  d\u00e9finitifs, la compagnie officialisant la nouvelle d\u00e8s le lendemain.  Cette nouvelle organisation fait \u00e9galement se demander ce que va devenir  Bruce Prichard, tout r\u00e9cemment revenu \u00e0 la WWE, qui avait \u00e9t\u00e9 ramen\u00e9  pour devenir le bras droit de McMahon. <br><br> Toujours selon le <em>PWInsider<\/em>, la compagnie de Stamford aurait depuis  le mois de f\u00e9vrier l\u2019intention de donner ce type de fonction \u00e0 Heyman.  L\u2019ancien patron de la ECW s\u2019\u00e9tait d\u00e9j\u00e0 partiellement impliqu\u00e9 sur  l\u2019aspect cr\u00e9atif en s\u2019occupant de Brock Lesnar et Ronda Rouseym les deux attractions principales de la compagnie provenant du UFC. <br><br> Le nom de Bischoff ne serait-lui venu \u00e0 l\u2019esprit des t\u00eates dirigeantes  de la compagnie tout ress\u00e8ment, environ que depuis quelques semaines. \u00c9loign\u00e9 du monde de la lutte jusque-l\u00e0, l\u2019ancien boss de la  WCW avait travaill\u00e9 pour Netflix  dans un projet centr\u00e9 sur Hulk Hogan, ainsi  que des participations diverses \u00e0 des conventions. Discr\u00e8tement ces  derniers jours, Bischoff avait commenc\u00e9 \u00e0 annuler ses apparitions, comme  celle notamment organis\u00e9e par la promotion qu\u00e9b\u00e9coise IWS, International Wrestling Syndicate. <br><br> Du c\u00f4t\u00e9 de Dave Meltzer , il pr\u00e9cise que le futur retour de la XFL n\u2019a  rien \u00e0 voir avec cette d\u00e9cision. McMahon restera l\u2019ultime d\u00e9cideur et ne  pr\u00e9voirait pas du tout de prendre du recul. Concernant le choix des  hommes, Heyman est tr\u00e8s appr\u00e9ci\u00e9 et sa d\u00e9signation n\u2019aurait pas surpris  grand monde qui estimerait que ce choix est logique. <br><br> Le sentiment serait tout autre pour Bischoff. Les ex Stars de la TNA l\u2019ayant connu  depuis son passage \u00e0 Impact Wrestling, ne comprendraient pas cette  d\u00e9cision. L\u2019ancien patron de la WCW serait m\u00eame reconnu comme  totalement largu\u00e9 d\u2019un point de vue business. Brad Shepard indique que  la WWE l\u2019aurait d\u00e9sign\u00e9 car du temps de la WCW, il avait l\u2019habitude de  communiquer avec une cha\u00eene de TV exigeante, ce que Smackdown va  connaitre avec <strong>FOX<\/strong> cet automne. <br><br> Meltzer pr\u00e9cise que <strong>FOX<\/strong>  n\u2019\u00e9tait pas du tout au courant annonce qui allait se faire. En plus, il se dit qu&rsquo;ils auraient m\u00eame d\u00e9j\u00e0 fait savoir  qu&rsquo;ils auraient pr\u00e9f\u00e9r\u00e9 travailler avec Heyman plut\u00f4t que Bischoff le cr\u00e9ateur de la <strong>nWo<\/strong> et des <strong>Aces And Eights<\/strong>. <\/p>\n\n\n\n<p>Comme tout cela n&rsquo;est pas v\u00e9rifiable directement aupr\u00e8s de la WWE ni des principaux concern\u00e9s, nous devons nous fier aux sp\u00e9cialiste de la sc\u00e8ne du catch am\u00e9ricaine. <\/p>\n<p><\/p>","protected":false},"excerpt":{"rendered":"<p>Alors que les journalistes am\u00e9ricains sp\u00e9cialis\u00e9s adorent indiquer qu\u2019ils ont des sources au sein de la WWE, aucun n\u2019a cependant eu vent de la r\u00e9volution au niveau de l\u2019organisation du booking. Mais depuis l&rsquo;annonce officiel, les d\u00e9tails sortent d&rsquo;heure en heure. Le PWInsider pr\u00e9cise ainsi que Bischoff sera en haut de la pyramide de Smackdown&#8230;<\/p>\n","protected":false},"author":4,"featured_media":5963,"comment_status":"open","ping_status":"closed","sticky":false,"template":"","format":"standard","meta":{"footnotes":""},"categories":[4,23],"tags":[],"ppma_author":[292],"class_list":["post-5962","post","type-post","status-publish","format-standard","has-post-thumbnail","hentry","category-news","category-wwe"],"authors":[{"term_id":292,"user_id":4,"is_guest":0,"slug":"jean","display_name":"Jean Vinnier","avatar_url":"https:\/\/secure.gravatar.com\/avatar\/33aba0263fd870a0b487e0e079ff407e10e3997c9d2987cbcc0db0db2c5c75a9?s=96&d=mm&r=g","0":null,"1":"","2":"","3":"","4":"","5":"","6":"","7":"","8":""}],"_links":{"self":[{"href":"https:\/\/www.jdx.info\/lutte\/wp-json\/wp\/v2\/posts\/5962","targetHints":{"allow":["GET"]}}],"collection":[{"href":"https:\/\/www.jdx.info\/lutte\/wp-json\/wp\/v2\/posts"}],"about":[{"href":"https:\/\/www.jdx.info\/lutte\/wp-json\/wp\/v2\/types\/post"}],"author":[{"embeddable":true,"href":"https:\/\/www.jdx.info\/lutte\/wp-json\/wp\/v2\/users\/4"}],"replies":[{"embeddable":true,"href":"https:\/\/www.jdx.info\/lutte\/wp-json\/wp\/v2\/comments?post=5962"}],"version-history":[{"count":1,"href":"https:\/\/www.jdx.info\/lutte\/wp-json\/wp\/v2\/posts\/5962\/revisions"}],"predecessor-version":[{"id":5964,"href":"https:\/\/www.jdx.info\/lutte\/wp-json\/wp\/v2\/posts\/5962\/revisions\/5964"}],"wp:featuredmedia":[{"embeddable":true,"href":"https:\/\/www.jdx.info\/lutte\/wp-json\/wp\/v2\/media\/5963"}],"wp:attachment":[{"href":"https:\/\/www.jdx.info\/lutte\/wp-json\/wp\/v2\/media?parent=5962"}],"wp:term":[{"taxonomy":"category","embeddable":true,"href":"https:\/\/www.jdx.info\/lutte\/wp-json\/wp\/v2\/categories?post=5962"},{"taxonomy":"post_tag","embeddable":true,"href":"https:\/\/www.jdx.info\/lutte\/wp-json\/wp\/v2\/tags?post=5962"},{"taxonomy":"author","embeddable":true,"href":"https:\/\/www.jdx.info\/lutte\/wp-json\/wp\/v2\/ppma_author?post=5962"}],"curies":[{"name":"wp","href":"https:\/\/api.w.org\/{rel}","templated":true}]}}