{"id":55964,"date":"2021-08-12T19:56:00","date_gmt":"2021-08-12T19:56:00","guid":{"rendered":"https:\/\/www.jdx.info\/lutte\/?p=55964"},"modified":"2021-08-13T15:57:05","modified_gmt":"2021-08-13T15:57:05","slug":"ric-flair-prendra-jamais-sa-retraite-photo-a-lappuie","status":"publish","type":"post","link":"https:\/\/www.jdx.info\/lutte\/2021\/08\/12\/ric-flair-prendra-jamais-sa-retraite-photo-a-lappuie\/","title":{"rendered":"Ric Flair prendra jamais sa retraite, photo \u00e0 l&rsquo;appuie!"},"content":{"rendered":"\n<p>Le membre du Temple de la renomm\u00e9e de la WWE, Ric Flair, a d\u00e9clar\u00e9 qu&rsquo;il ne prendrait jamais sa retraite.<\/p>\n\n\n\n<p>The Nature Boy est all\u00e9 sur Twitter cette semaine et a post\u00e9 un clip d&rsquo;un segment RAW 2007, dans la perspective de sa retraite \u00e0 WrestleMania 34 en 2008, o\u00f9 il a d\u00e9clar\u00e9 qu&rsquo;il ne prendrait jamais sa retraite.<\/p>\n\n\n\n<blockquote class=\"wp-block-quote is-layout-flow wp-block-quote-is-layout-flow\"><p>Flair a sous-titr\u00e9 le clip avec : \u00ab Je ne prendrai jamais ma retraite !&nbsp;WOOOOON&nbsp;!\u00a0\u00bb<\/p><\/blockquote>\n\n\n\n<p>Flair a \u00e9galement post\u00e9 une photo d&rsquo;une s\u00e9ance d&rsquo;entra\u00eenement au gymnase Hard Nocks South \u00e0 Tampa cette semaine, et a comment\u00e9 comment rien ne peut l&rsquo;arr\u00eater.&nbsp;La photo, qui montre Flair, 72 ans, en pleine forme, est visible ci-dessous.<\/p>\n\n\n\n<blockquote class=\"wp-block-quote is-layout-flow wp-block-quote-is-layout-flow\"><p>\u00ab\u00a0Carr\u00e9ment raison!&nbsp;[muscle emoji] Pensez-vous qu&rsquo;un accident d&rsquo;avion, frapp\u00e9 par la foudre et presque mourant il y a quatre ans peut arr\u00eater le gar\u00e7on de la nature&nbsp;?&nbsp;S\u00fbrement pas!&nbsp;WOOOOO!&nbsp;@HardNocksSouth \u00bb, a-t-il \u00e9crit avec la photo.<\/p><\/blockquote>\n\n\n\n<p>Flair a \u00e9t\u00e9 lib\u00e9r\u00e9 de son contrat avec la WWE la semaine derni\u00e8re apr\u00e8s avoir contact\u00e9 le pr\u00e9sident-directeur g\u00e9n\u00e9ral de la WWE Vince McMahon et demand\u00e9 le d\u00e9part.&nbsp;&nbsp;Il y a eu beaucoup de sp\u00e9culations sur l&rsquo;avenir de Flair en lutte professionnelle et rien n&rsquo;a \u00e9t\u00e9 confirm\u00e9, mais il a indiqu\u00e9 qu&rsquo;il avait plusieurs projets pr\u00e9vus, dont un r\u00e9seau sans nom.<\/p>\n\n\n\n<p>Sur une note connexe, Flair a relanc\u00e9 son magasin Pro Wrestling Tees<\/p>\n\n\n\n<center><blockquote class=\"twitter-tweet\"><p lang=\"en\" dir=\"ltr\">Damn Right! &#x1f4aa;&#x1f3fb; Do You Think An Airplane Crash, Being Struck By Lightning, And Almost Dying Four Years Ago Can Stop The Nature Boy? Hell No! WOOOOO! <a href=\"https:\/\/twitter.com\/HardNocksSouth?ref_src=twsrc%5Etfw\">@HardNocksSouth<\/a> <a href=\"https:\/\/t.co\/dhFspsZrrU\">pic.twitter.com\/dhFspsZrrU<\/a><\/p>&mdash; Ric Flair\u00ae (@RicFlairNatrBoy) <a href=\"https:\/\/twitter.com\/RicFlairNatrBoy\/status\/1424806710787592193?ref_src=twsrc%5Etfw\">August 9, 2021<\/a><\/blockquote> <script async src=\"https:\/\/platform.twitter.com\/widgets.js\" charset=\"utf-8\"><\/script>\n\n<blockquote class=\"twitter-tweet\"><p lang=\"en\" dir=\"ltr\">I\u2019m Back Up And Running On <a href=\"https:\/\/twitter.com\/PWTees?ref_src=twsrc%5Etfw\">@PWTees<\/a>! Go And Get Your Nature Boy Shirts, So You Can Style And Profile Every Day! WOOOOO! <a href=\"https:\/\/t.co\/z8fsshkMO5\">https:\/\/t.co\/z8fsshkMO5<\/a> <a href=\"https:\/\/t.co\/CT6xpVueXa\">pic.twitter.com\/CT6xpVueXa<\/a><\/p>&mdash; Ric Flair\u00ae (@RicFlairNatrBoy) <a href=\"https:\/\/twitter.com\/RicFlairNatrBoy\/status\/1425099400578207749?ref_src=twsrc%5Etfw\">August 10, 2021<\/a><\/blockquote> <script async src=\"https:\/\/platform.twitter.com\/widgets.js\" charset=\"utf-8\"><\/script>\n<blockquote class=\"twitter-tweet\"><p lang=\"en\" dir=\"ltr\">I Will Never Retire! WOOOOO! <a href=\"https:\/\/t.co\/waq0SnFHmM\">pic.twitter.com\/waq0SnFHmM<\/a><\/p>&mdash; Ric Flair\u00ae (@RicFlairNatrBoy) <a href=\"https:\/\/twitter.com\/RicFlairNatrBoy\/status\/1425451687632936963?ref_src=twsrc%5Etfw\">August 11, 2021<\/a><\/blockquote> <script async src=\"https:\/\/platform.twitter.com\/widgets.js\" charset=\"utf-8\"><\/script>\n<p><\/p>","protected":false},"excerpt":{"rendered":"<p>Le membre du Temple de la renomm\u00e9e de la WWE, Ric Flair, a d\u00e9clar\u00e9 qu&rsquo;il ne prendrait jamais sa retraite. The Nature Boy est all\u00e9 sur Twitter cette semaine et a post\u00e9 un clip d&rsquo;un segment RAW 2007, dans la perspective de sa retraite \u00e0 WrestleMania 34 en 2008, o\u00f9 il a d\u00e9clar\u00e9 qu&rsquo;il ne&#8230;<\/p>\n","protected":false},"author":665,"featured_media":56003,"comment_status":"open","ping_status":"closed","sticky":false,"template":"","format":"standard","meta":{"footnotes":""},"categories":[24,30,22,4],"tags":[],"ppma_author":[289],"class_list":["post-55964","post","type-post","status-publish","format-standard","has-post-thumbnail","hentry","category-aew-impact-njpw-roh","category-ex-wwe","category-indy","category-news"],"authors":[{"term_id":289,"user_id":665,"is_guest":0,"slug":"line","display_name":"Line Edmond","avatar_url":"https:\/\/secure.gravatar.com\/avatar\/852de09636413c90cdaa278312f9ea5bc4396768745424755cb63d99a05989d0?s=96&d=mm&r=g","0":null,"1":"","2":"","3":"","4":"","5":"","6":"","7":"","8":""}],"_links":{"self":[{"href":"https:\/\/www.jdx.info\/lutte\/wp-json\/wp\/v2\/posts\/55964","targetHints":{"allow":["GET"]}}],"collection":[{"href":"https:\/\/www.jdx.info\/lutte\/wp-json\/wp\/v2\/posts"}],"about":[{"href":"https:\/\/www.jdx.info\/lutte\/wp-json\/wp\/v2\/types\/post"}],"author":[{"embeddable":true,"href":"https:\/\/www.jdx.info\/lutte\/wp-json\/wp\/v2\/users\/665"}],"replies":[{"embeddable":true,"href":"https:\/\/www.jdx.info\/lutte\/wp-json\/wp\/v2\/comments?post=55964"}],"version-history":[{"count":2,"href":"https:\/\/www.jdx.info\/lutte\/wp-json\/wp\/v2\/posts\/55964\/revisions"}],"predecessor-version":[{"id":56004,"href":"https:\/\/www.jdx.info\/lutte\/wp-json\/wp\/v2\/posts\/55964\/revisions\/56004"}],"wp:featuredmedia":[{"embeddable":true,"href":"https:\/\/www.jdx.info\/lutte\/wp-json\/wp\/v2\/media\/56003"}],"wp:attachment":[{"href":"https:\/\/www.jdx.info\/lutte\/wp-json\/wp\/v2\/media?parent=55964"}],"wp:term":[{"taxonomy":"category","embeddable":true,"href":"https:\/\/www.jdx.info\/lutte\/wp-json\/wp\/v2\/categories?post=55964"},{"taxonomy":"post_tag","embeddable":true,"href":"https:\/\/www.jdx.info\/lutte\/wp-json\/wp\/v2\/tags?post=55964"},{"taxonomy":"author","embeddable":true,"href":"https:\/\/www.jdx.info\/lutte\/wp-json\/wp\/v2\/ppma_author?post=55964"}],"curies":[{"name":"wp","href":"https:\/\/api.w.org\/{rel}","templated":true}]}}