{"id":55455,"date":"2021-08-03T14:58:23","date_gmt":"2021-08-03T14:58:23","guid":{"rendered":"https:\/\/www.jdx.info\/lutte\/?p=55455"},"modified":"2021-08-03T14:58:25","modified_gmt":"2021-08-03T14:58:25","slug":"les-partenaires-tv-de-la-wwe-seraient-frustres-par-la-sortie-de-bray-wyatt","status":"publish","type":"post","link":"https:\/\/www.jdx.info\/lutte\/2021\/08\/03\/les-partenaires-tv-de-la-wwe-seraient-frustres-par-la-sortie-de-bray-wyatt\/","title":{"rendered":"Les partenaires TV de la WWE seraient frustr\u00e9s par la sortie de Bray Wyatt!"},"content":{"rendered":"\n<p>Il semble bien que les partenaires TV de la WWE seraient frustr\u00e9s par la sortie de Bray Wyatt.<\/p>\n\n\n\n<p>Comme vous le savez depuis samedi dernier, la WWE a annonc\u00e9 que Wyatt avait \u00e9t\u00e9 lib\u00e9r\u00e9 de la soci\u00e9t\u00e9.\u00a0Il a \u00e9t\u00e9 not\u00e9 que les responsables de la WWE ont cit\u00e9 les coupes budg\u00e9taires comme raison du d\u00e9part de Wyatt.<\/p>\n\n\n\n<p>Dans une mise \u00e0 jour, il y aurait \u00abbeaucoup de frustration\u00bb de la part des r\u00e9seaux t\u00e9l\u00e9s avec lesquels la WWE travaille, vraisemblablement NBCUniversal\/USA Network et FOX, selon\u00a0<a rel=\"noreferrer noopener\" href=\"https:\/\/twitter.com\/AndrewZarian\/status\/1422239237181693962\" target=\"_blank\">Andrew Zarian<\/a>\u00a0du podcast Mat Men.<\/p>\n\n\n\n<p>Une source du r\u00e9seau aurait d\u00e9clar\u00e9: <\/p>\n\n\n\n<blockquote class=\"wp-block-quote is-layout-flow wp-block-quote-is-layout-flow\"><p>\u00ab\u00a0La sortie de Bray est vraiment d\u00e9cevante et un peu effrayante que les meilleures stars soient licenci\u00e9es.\u00a0\u00bb<\/p><\/blockquote>\n\n\n\n<p>Cela survient apr\u00e8s qu&rsquo;il a \u00e9t\u00e9 rapport\u00e9 la semaine derni\u00e8re que les partenaires TV de la WWE n&rsquo;\u00e9taient pas satisfaits que CM Punk se rende \u00e0 AEW.<\/p>\n\n\n\n<p><\/p>\n\n\n\n<p><\/p>\n<p><\/p>","protected":false},"excerpt":{"rendered":"<p>Il semble bien que les partenaires TV de la WWE seraient frustr\u00e9s par la sortie de Bray Wyatt. Comme vous le savez depuis samedi dernier, la WWE a annonc\u00e9 que Wyatt avait \u00e9t\u00e9 lib\u00e9r\u00e9 de la soci\u00e9t\u00e9.\u00a0Il a \u00e9t\u00e9 not\u00e9 que les responsables de la WWE ont cit\u00e9 les coupes budg\u00e9taires comme raison du d\u00e9part&#8230;<\/p>\n","protected":false},"author":665,"featured_media":55539,"comment_status":"open","ping_status":"closed","sticky":false,"template":"","format":"standard","meta":{"footnotes":""},"categories":[4,43,36,23],"tags":[],"ppma_author":[289],"class_list":["post-55455","post","type-post","status-publish","format-standard","has-post-thumbnail","hentry","category-news","category-raw-wwe","category-smackdown","category-wwe"],"authors":[{"term_id":289,"user_id":665,"is_guest":0,"slug":"line","display_name":"Line Edmond","avatar_url":"https:\/\/secure.gravatar.com\/avatar\/852de09636413c90cdaa278312f9ea5bc4396768745424755cb63d99a05989d0?s=96&d=mm&r=g","0":null,"1":"","2":"","3":"","4":"","5":"","6":"","7":"","8":""}],"_links":{"self":[{"href":"https:\/\/www.jdx.info\/lutte\/wp-json\/wp\/v2\/posts\/55455","targetHints":{"allow":["GET"]}}],"collection":[{"href":"https:\/\/www.jdx.info\/lutte\/wp-json\/wp\/v2\/posts"}],"about":[{"href":"https:\/\/www.jdx.info\/lutte\/wp-json\/wp\/v2\/types\/post"}],"author":[{"embeddable":true,"href":"https:\/\/www.jdx.info\/lutte\/wp-json\/wp\/v2\/users\/665"}],"replies":[{"embeddable":true,"href":"https:\/\/www.jdx.info\/lutte\/wp-json\/wp\/v2\/comments?post=55455"}],"version-history":[{"count":2,"href":"https:\/\/www.jdx.info\/lutte\/wp-json\/wp\/v2\/posts\/55455\/revisions"}],"predecessor-version":[{"id":55540,"href":"https:\/\/www.jdx.info\/lutte\/wp-json\/wp\/v2\/posts\/55455\/revisions\/55540"}],"wp:featuredmedia":[{"embeddable":true,"href":"https:\/\/www.jdx.info\/lutte\/wp-json\/wp\/v2\/media\/55539"}],"wp:attachment":[{"href":"https:\/\/www.jdx.info\/lutte\/wp-json\/wp\/v2\/media?parent=55455"}],"wp:term":[{"taxonomy":"category","embeddable":true,"href":"https:\/\/www.jdx.info\/lutte\/wp-json\/wp\/v2\/categories?post=55455"},{"taxonomy":"post_tag","embeddable":true,"href":"https:\/\/www.jdx.info\/lutte\/wp-json\/wp\/v2\/tags?post=55455"},{"taxonomy":"author","embeddable":true,"href":"https:\/\/www.jdx.info\/lutte\/wp-json\/wp\/v2\/ppma_author?post=55455"}],"curies":[{"name":"wp","href":"https:\/\/api.w.org\/{rel}","templated":true}]}}