{"id":54486,"date":"2021-07-17T06:01:00","date_gmt":"2021-07-17T06:01:00","guid":{"rendered":"http:\/\/www.jdx.info\/lutte\/?p=54486"},"modified":"2021-07-17T16:06:50","modified_gmt":"2021-07-17T16:06:50","slug":"carmella-veut-un-rematch-et-lobtient-talking-smack-et-plus","status":"publish","type":"post","link":"https:\/\/www.jdx.info\/lutte\/2021\/07\/17\/carmella-veut-un-rematch-et-lobtient-talking-smack-et-plus\/","title":{"rendered":"Carmella Veut un Rematch et l&rsquo;Obtient! Talking Smack, et Plus!"},"content":{"rendered":"\n<p>Tout le monde le sait, Bianca Belair a d\u00e9fendu son titre f\u00e9minin de SmackDown avec succ\u00e8s lors du dernier&nbsp;\u00e9pisode du 16 juillet&nbsp;face \u00e0 Carmella. ( <strong><a href=\"https:\/\/www.jdx.info\/lutte\/2021\/07\/16\/resultats-du-wwe-friday-night-smackdown-16-juillet-2021\/\" target=\"_blank\" rel=\"noreferrer noopener\">r\u00e9sultats \/ vid\u00e9o<\/a><\/strong> )<\/p>\n\n\n\n<p>Un r\u00e9sultat qui ne plait pas du tout Carmella. Elle a expliqu\u00e9 en interview en coulisse apr\u00e8s le show que le combat \u00e9tait injuste, \u00e9tant donn\u00e9 qu&rsquo;elle a seulement eu six jours pour se pr\u00e9parer \u00e0 cause de la blessure de Bayley. Elle ajoute que Bianca Belair a trich\u00e9 en utlisant ses cheveux, pourtant de son c\u00f4t\u00e9, elle n&rsquo;utilise pas son \u00a0\u00bbbeau\u00a0\u00bb corps pour l&#8217;emporter.<\/p>\n\n\n\n<center><blockquote class=\"twitter-tweet\"><p lang=\"en\" dir=\"ltr\">.<a href=\"https:\/\/twitter.com\/BiancaBelairWWE?ref_src=twsrc%5Etfw\">@BiancaBelairWWE<\/a> = cheater !! This isn\u2019t over, honeyyyyyy. <a href=\"https:\/\/twitter.com\/hashtag\/SmackDown?src=hash&amp;ref_src=twsrc%5Etfw\">#SmackDown<\/a> <a href=\"https:\/\/t.co\/DfyjuSXwdp\">pic.twitter.com\/DfyjuSXwdp<\/a><\/p>\u2014 Leah Van Dale (@CarmellaWWE) <a href=\"https:\/\/twitter.com\/CarmellaWWE\/status\/1416215652239564802?ref_src=twsrc%5Etfw\">July 17, 2021<\/a><\/blockquote> <script async=\"\" src=\"https:\/\/platform.twitter.com\/widgets.js\" charset=\"utf-8\"><\/script><\/center>\n\n<center><p><script async=\"\" src=\"https:\/\/pagead2.googlesyndication.com\/pagead\/js\/adsbygoogle.js\"><\/script>\n<ins class=\"adsbygoogle\" style=\"display:block; text-align:center;\" data-ad-layout=\"in-article\" data-ad-format=\"fluid\" data-ad-client=\"ca-pub-1986975368136072\" data-ad-slot=\"7818521013\"><\/ins>\n<script>\n     (adsbygoogle = window.adsbygoogle || []).push({});\n<\/script><\/p><\/center>\n\n\n\n<p>Ce samedi pendant Talking Smack sur le WWE Network, Bianca Belair a r\u00e9pondu aux commentaires de Carmella et lui donne un rematch pour le prochain \u00e9pisode de SmackDown, le 23 juillet 2021 :<\/p>\n\n\n\n<blockquote class=\"wp-block-quote is-layout-flow wp-block-quote-is-layout-flow\"><p>\u00a0\u00bbElle est venue sur le ring avec moi ce soir, alors je peux dire que je suis une championne qui se bat et qui ne refuse rien. Si elle veut un rematch, on va le faire la semaine prochaine. Faisons-le. Je te dis de faire attention \u00e0 ce que tu demandes, car je te le donnes la semaine prochaine, Carmella.\u00a0\u00bb<\/p><\/blockquote>\n\n\n\n<p>Le match est maintenant officiel : Carmella contre Bianca Belair pour le championnat f\u00e9minin de SmackDown pour le 23 juillet<\/p>\n\n\n\n<ul class=\"wp-block-list\"><li><a href=\"https:\/\/www.jdx.info\/lutte\/2021\/07\/16\/resultats-du-wwe-friday-night-smackdown-16-juillet-2021\/\" target=\"_blank\" rel=\"noreferrer noopener\"><strong>Pour les r\u00e9sultats ou voir le dernier Smackdown, cliquez ici<\/strong><\/a><\/li><\/ul>\n\n\n\n<center><iframe loading=\"lazy\" width=\"560\" height=\"315\" src=\"https:\/\/www.youtube.com\/embed\/SzGuGLiCK6c\" title=\"YouTube video player\" frameborder=\"0\" allow=\"accelerometer; autoplay; clipboard-write; encrypted-media; gyroscope; picture-in-picture\" allowfullscreen=\"\"><\/iframe><\/center>\n<p><\/p>","protected":false},"excerpt":{"rendered":"<p>Tout le monde le sait, Bianca Belair a d\u00e9fendu son titre f\u00e9minin de SmackDown avec succ\u00e8s lors du dernier&nbsp;\u00e9pisode du 16 juillet&nbsp;face \u00e0 Carmella. ( r\u00e9sultats \/ vid\u00e9o ) Un r\u00e9sultat qui ne plait pas du tout Carmella. Elle a expliqu\u00e9 en interview en coulisse apr\u00e8s le show que le combat \u00e9tait injuste, \u00e9tant donn\u00e9&#8230;<\/p>\n","protected":false},"author":609,"featured_media":54487,"comment_status":"open","ping_status":"closed","sticky":false,"template":"","format":"standard","meta":{"footnotes":""},"categories":[4,36,23],"tags":[],"ppma_author":[295],"class_list":["post-54486","post","type-post","status-publish","format-standard","has-post-thumbnail","hentry","category-news","category-smackdown","category-wwe"],"authors":[{"term_id":295,"user_id":609,"is_guest":0,"slug":"rodrigo","display_name":"Rodrigue Tousignant","avatar_url":"https:\/\/secure.gravatar.com\/avatar\/51fe284bb6dbe8a6b4c2bf998ad658f4a9cd24b7e58f15ec85888070c7340ce6?s=96&d=mm&r=g","0":null,"1":"","2":"","3":"","4":"","5":"","6":"","7":"","8":""}],"_links":{"self":[{"href":"https:\/\/www.jdx.info\/lutte\/wp-json\/wp\/v2\/posts\/54486","targetHints":{"allow":["GET"]}}],"collection":[{"href":"https:\/\/www.jdx.info\/lutte\/wp-json\/wp\/v2\/posts"}],"about":[{"href":"https:\/\/www.jdx.info\/lutte\/wp-json\/wp\/v2\/types\/post"}],"author":[{"embeddable":true,"href":"https:\/\/www.jdx.info\/lutte\/wp-json\/wp\/v2\/users\/609"}],"replies":[{"embeddable":true,"href":"https:\/\/www.jdx.info\/lutte\/wp-json\/wp\/v2\/comments?post=54486"}],"version-history":[{"count":2,"href":"https:\/\/www.jdx.info\/lutte\/wp-json\/wp\/v2\/posts\/54486\/revisions"}],"predecessor-version":[{"id":54493,"href":"https:\/\/www.jdx.info\/lutte\/wp-json\/wp\/v2\/posts\/54486\/revisions\/54493"}],"wp:featuredmedia":[{"embeddable":true,"href":"https:\/\/www.jdx.info\/lutte\/wp-json\/wp\/v2\/media\/54487"}],"wp:attachment":[{"href":"https:\/\/www.jdx.info\/lutte\/wp-json\/wp\/v2\/media?parent=54486"}],"wp:term":[{"taxonomy":"category","embeddable":true,"href":"https:\/\/www.jdx.info\/lutte\/wp-json\/wp\/v2\/categories?post=54486"},{"taxonomy":"post_tag","embeddable":true,"href":"https:\/\/www.jdx.info\/lutte\/wp-json\/wp\/v2\/tags?post=54486"},{"taxonomy":"author","embeddable":true,"href":"https:\/\/www.jdx.info\/lutte\/wp-json\/wp\/v2\/ppma_author?post=54486"}],"curies":[{"name":"wp","href":"https:\/\/api.w.org\/{rel}","templated":true}]}}