{"id":54080,"date":"2021-07-09T14:35:47","date_gmt":"2021-07-09T14:35:47","guid":{"rendered":"http:\/\/www.jdx.info\/lutte\/?p=54080"},"modified":"2021-07-09T14:37:41","modified_gmt":"2021-07-09T14:37:41","slug":"vince-netait-pas-content-de-la-nouvelle-musique-de-black-nouveau-theme-song-pour-andrade-et-plus","status":"publish","type":"post","link":"https:\/\/www.jdx.info\/lutte\/2021\/07\/09\/vince-netait-pas-content-de-la-nouvelle-musique-de-black-nouveau-theme-song-pour-andrade-et-plus\/","title":{"rendered":"Vince N&rsquo;\u00e9tait Pas Content de la Nouvelle Musique de Black! Nouveau Th\u00e8me Song Pour Andrade, et Plus!"},"content":{"rendered":"\n<p>Malakai\/Aleister Black a fait ses d\u00e9buts lors du dernier&nbsp;\u00e9pisode de AEW Dynamite&nbsp;dont vous pouvez retrouver&nbsp;tous les d\u00e9tails juste ici.<\/p>\n\n\n\n<p>Quelques jours avant ses d\u00e9buts, il \u00e9tait l&rsquo;invit\u00e9 du podcast Drinks With Johnny o\u00f9 il nous r\u00e9v\u00e8le une anecdote assez dr\u00f4le sur Vince McMahon et ce qu\u2019il a pens\u00e9 du th\u00e8me song qu\u2019il lui avait propos\u00e9.<\/p>\n\n\n\n<blockquote class=\"wp-block-quote is-layout-flow wp-block-quote-is-layout-flow\"><p>\u201cDonc, on enregistre la chanson. Je me souviens m\u2019\u00eatre assis avec Vince et je lui ai dit : \u201c Tiens \u00e9coute cette nouvelle chanson, elle est vraiment putain de lourde\u201d, il \u00e9coute la musique et il me dit : \u201c Est-ce que le volume ou la vitesse de la musique change?\u201d Je lui dis \u00ab\u00a0oui oui \u00e7a va venir, \u00e7a va aller plus vite.\u00a0\u00bb Il continue \u00e0 \u00e9couter et il me dit : \u201c Wow, je ne sais pas ce que c\u2019\u00e9tait putain, mais je ne pense pas que \u00e7a soit de la musique mais bon j\u2019ai 76 ans, qu\u2019est-ce que je peux bien connaitre pas vrai ?\u201d Il m\u2019a ensuite donn\u00e9 son accord et on avait tous les droits pour la musique, mais \u00e7a n\u2019a pas pu se faire, je pense qu\u2019il y\u2019a eu des inqui\u00e9tudes de la part de la WWE et je les comprends car par le pass\u00e9, ils ont d\u00e9j\u00e0 eu des soucis en utilisant des musiques de sources ext\u00e9rieures, la personne peut un jour revenir \u00e0 la charge et vouloir des redevances ou bien autre chose, les poursuites. Donc c\u2019est pour cette raison que la WWE pr\u00e9f\u00e8re tout faire en interne.\u201d<\/p><\/blockquote>\n\n\n\n<p>La chanson dont parle Malakai\/Aleister Black, est une production du groupe Brutality Will Prevail intitul\u00e9e \u00ab\u00a0No Man\u2019s Land\u00a0\u00bb. Il l\u2019avait fait \u00e9couter sur Twitch quelques semaines apr\u00e8s son licenciement.<\/p>\n\n\n\n<ul class=\"wp-block-list\"><li><strong><a href=\"https:\/\/www.jdx.info\/lutte\/2021\/07\/07\/resultats-du-aew-dynamite-road-rager-2021\/\" target=\"_blank\" rel=\"noreferrer noopener\">Pour les r\u00e9sultats complets ou voir le dernier Dynamite, cliquez ici<\/a><\/strong><\/li><\/ul>\n\n\n\n<center><iframe loading=\"lazy\" width=\"560\" height=\"315\" src=\"https:\/\/www.youtube.com\/embed\/W7P185CxQyo\" title=\"YouTube video player\" frameborder=\"0\" allow=\"accelerometer; autoplay; clipboard-write; encrypted-media; gyroscope; picture-in-picture\" allowfullscreen=\"\"><\/iframe>\n\n<p><script async=\"\" src=\"https:\/\/pagead2.googlesyndication.com\/pagead\/js\/adsbygoogle.js\"><\/script>\n<ins class=\"adsbygoogle\" style=\"display:block; text-align:center;\" data-ad-layout=\"in-article\" data-ad-format=\"fluid\" data-ad-client=\"ca-pub-1986975368136072\" data-ad-slot=\"7818521013\"><\/ins>\n<script>\n     (adsbygoogle = window.adsbygoogle || []).push({});\n<\/script><\/p><\/center>\n\n\n\n<p>Apr\u00e8s avoir quitt\u00e9 la WWE plus t\u00f4t cette ann\u00e9e,&nbsp;Andrade a rejoint la AEW le mois dernier mais \u00e7a vous le savez. Celui qui se fait d\u00e9sormais appeler Andrade El Idolo,  a fait son premier match mercredi dernier lors de&nbsp;Dynamite. Il a combattu face \u00e0 Matt Sydal, une rencontre remport\u00e9e par l&rsquo;ancien champion de NXT.<\/p>\n\n\n\n<p>\u00c0 l&rsquo;occasion de son premier match \u00e0 la All Elite Wrestling,\u00a0la compagnie a publi\u00e9 le theme song d&rsquo;Andrade El Idolo sur YouTube (\u00ab\u00a0Kill The Messenger\u00a0\u00bb). Vous pouvez l&rsquo;\u00e9couter ci-dessous :<\/p>\n\n\n\n<ul class=\"wp-block-list\"><li><strong><a rel=\"noreferrer noopener\" href=\"https:\/\/www.jdx.info\/lutte\/2021\/07\/07\/resultats-du-aew-dynamite-road-rager-2021\/\" target=\"_blank\">Pour les r\u00e9sultats complets ou voir le dernier Dynamite, cliquez ici<\/a><\/strong><\/li><\/ul>\n\n\n\n<center><iframe loading=\"lazy\" width=\"560\" height=\"315\" src=\"https:\/\/www.youtube.com\/embed\/YVXfofCZ2jI\" title=\"YouTube video player\" frameborder=\"0\" allow=\"accelerometer; autoplay; clipboard-write; encrypted-media; gyroscope; picture-in-picture\" allowfullscreen=\"\"><\/iframe><\/center>\n<p><\/p>","protected":false},"excerpt":{"rendered":"<p>Malakai\/Aleister Black a fait ses d\u00e9buts lors du dernier&nbsp;\u00e9pisode de AEW Dynamite&nbsp;dont vous pouvez retrouver&nbsp;tous les d\u00e9tails juste ici. Quelques jours avant ses d\u00e9buts, il \u00e9tait l&rsquo;invit\u00e9 du podcast Drinks With Johnny o\u00f9 il nous r\u00e9v\u00e8le une anecdote assez dr\u00f4le sur Vince McMahon et ce qu\u2019il a pens\u00e9 du th\u00e8me song qu\u2019il lui avait propos\u00e9&#8230;.<\/p>\n","protected":false},"author":609,"featured_media":54081,"comment_status":"open","ping_status":"closed","sticky":false,"template":"","format":"standard","meta":{"footnotes":""},"categories":[38,24,50,30,4],"tags":[],"ppma_author":[295],"class_list":["post-54080","post","type-post","status-publish","format-standard","has-post-thumbnail","hentry","category-aew","category-aew-impact-njpw-roh","category-dynamite","category-ex-wwe","category-news"],"authors":[{"term_id":295,"user_id":609,"is_guest":0,"slug":"rodrigo","display_name":"Rodrigue Tousignant","avatar_url":"https:\/\/secure.gravatar.com\/avatar\/51fe284bb6dbe8a6b4c2bf998ad658f4a9cd24b7e58f15ec85888070c7340ce6?s=96&d=mm&r=g","0":null,"1":"","2":"","3":"","4":"","5":"","6":"","7":"","8":""}],"_links":{"self":[{"href":"https:\/\/www.jdx.info\/lutte\/wp-json\/wp\/v2\/posts\/54080","targetHints":{"allow":["GET"]}}],"collection":[{"href":"https:\/\/www.jdx.info\/lutte\/wp-json\/wp\/v2\/posts"}],"about":[{"href":"https:\/\/www.jdx.info\/lutte\/wp-json\/wp\/v2\/types\/post"}],"author":[{"embeddable":true,"href":"https:\/\/www.jdx.info\/lutte\/wp-json\/wp\/v2\/users\/609"}],"replies":[{"embeddable":true,"href":"https:\/\/www.jdx.info\/lutte\/wp-json\/wp\/v2\/comments?post=54080"}],"version-history":[{"count":2,"href":"https:\/\/www.jdx.info\/lutte\/wp-json\/wp\/v2\/posts\/54080\/revisions"}],"predecessor-version":[{"id":54084,"href":"https:\/\/www.jdx.info\/lutte\/wp-json\/wp\/v2\/posts\/54080\/revisions\/54084"}],"wp:featuredmedia":[{"embeddable":true,"href":"https:\/\/www.jdx.info\/lutte\/wp-json\/wp\/v2\/media\/54081"}],"wp:attachment":[{"href":"https:\/\/www.jdx.info\/lutte\/wp-json\/wp\/v2\/media?parent=54080"}],"wp:term":[{"taxonomy":"category","embeddable":true,"href":"https:\/\/www.jdx.info\/lutte\/wp-json\/wp\/v2\/categories?post=54080"},{"taxonomy":"post_tag","embeddable":true,"href":"https:\/\/www.jdx.info\/lutte\/wp-json\/wp\/v2\/tags?post=54080"},{"taxonomy":"author","embeddable":true,"href":"https:\/\/www.jdx.info\/lutte\/wp-json\/wp\/v2\/ppma_author?post=54080"}],"curies":[{"name":"wp","href":"https:\/\/api.w.org\/{rel}","templated":true}]}}