{"id":54069,"date":"2021-07-08T23:27:51","date_gmt":"2021-07-08T23:27:51","guid":{"rendered":"https:\/\/www.jdx.info\/lutte\/?p=54069"},"modified":"2021-07-08T23:28:20","modified_gmt":"2021-07-08T23:28:20","slug":"la-wwe-rappel-buddy-murphy-pour-etre-sure-de-ne-pas-avoir-fait-la-meme-erreur-quavec-aleister-black","status":"publish","type":"post","link":"https:\/\/www.jdx.info\/lutte\/2021\/07\/08\/la-wwe-rappel-buddy-murphy-pour-etre-sure-de-ne-pas-avoir-fait-la-meme-erreur-quavec-aleister-black\/","title":{"rendered":"La WWE Rappel Buddy Murphy Pour \u00catre S\u00fbre de ne Pas Avoir Fait la M\u00eame Erreur qu&rsquo;Avec Aleister Black!"},"content":{"rendered":"\n<p>Il est arriv\u00e9 comme une bombe \u00e0 Dynamite sans faire de mauvais jeu de mot, Malakai Black que vous connaissez tous sous le nom d&rsquo;Aleister Black \u00e0 la WWE, a pu faire\u00a0ses d\u00e9buts lors du dernier \u00e9pisode de AEW Dynamite\u00a0\u00e0 cause d\u2019une grosse erreur administrative de la part de la WWE qui n\u2019avait pas modifi\u00e9 sa clause de non comp\u00e9tition lorsqu\u2019il \u00e9tait pass\u00e9 de NXT au main roster.<\/p>\n\n\n\n<p>Aujourd&rsquo;hui, nous apprenons  que la WWE aurait appel\u00e9 Buddy Murphy juste apr\u00e8s son licenciement pour s\u2019assurer qu\u2019ils n&rsquo;avaient pas fait la m\u00eame erreur que pour Aleister Black sur son contrat. Ils nous disent :<\/p>\n\n\n\n<ul class=\"wp-block-list\"><li><a href=\"https:\/\/www.jdx.info\/lutte\/2021\/07\/07\/resultats-du-aew-dynamite-road-rager-2021\/\" target=\"_blank\" rel=\"noreferrer noopener\"><strong>Pour les r\u00e9sultats complet ou voir le AEW Dynamite et l&rsquo;arriv\u00e9 de Black, cliquez ici.<\/strong><\/a><\/li><\/ul>\n\n\n\n<blockquote class=\"wp-block-quote is-layout-flow wp-block-quote-is-layout-flow\"><p>&lt;&lt; Il (Buddy Murphy) nous a confirm\u00e9 que sa clause de non comp\u00e9tition est de 90 jours, mais il nous a aussi dit que la WWE l&rsquo;avait appel\u00e9 en panique peu de temps apr\u00e8s son licenciement, en pensant qu\u2019ils avaient pu aussi faire la m\u00eame erreur qu\u2019avec Aleister Black. &gt;&gt;<\/p><\/blockquote>\n\n\n\n<p>Quand il dit en panique c&rsquo;est de la source qui a parl\u00e9 \u00e0 Buddy Murphy. La WWE apr\u00e8s un petit oubli c&rsquo;est seulement assur\u00e9 de ne pas avoir d&rsquo;autre surprise. <\/p>\n\n\n\n<p>Pour Buddy Murphy, la clause de non comp\u00e9tition devrait prendre fin le 31 ao\u00fbt prochain, ce qui pourrait faire r\u00eaver de nombreux fans pour une future arriv\u00e9e \u00e0 la AEW lors de son show All Out qui aura lieu \u00e0 Chicago le 5 Septembre prochain ou \u00e0 Slammiversary d&rsquo;Impact Wrestling.<\/p>\n\n\n\n<ul class=\"wp-block-list\"><li><a rel=\"noreferrer noopener\" href=\"https:\/\/www.jdx.info\/lutte\/2021\/07\/07\/resultats-du-aew-dynamite-road-rager-2021\/\" target=\"_blank\"><strong>Pour les r\u00e9sultats complet ou voir le AEW Dynamite et l&rsquo;arriv\u00e9 de Black, cliquez ici.<\/strong><\/a><\/li><\/ul>\n<p><\/p>","protected":false},"excerpt":{"rendered":"<p>Il est arriv\u00e9 comme une bombe \u00e0 Dynamite sans faire de mauvais jeu de mot, Malakai Black que vous connaissez tous sous le nom d&rsquo;Aleister Black \u00e0 la WWE, a pu faire\u00a0ses d\u00e9buts lors du dernier \u00e9pisode de AEW Dynamite\u00a0\u00e0 cause d\u2019une grosse erreur administrative de la part de la WWE qui n\u2019avait pas modifi\u00e9&#8230;<\/p>\n","protected":false},"author":4,"featured_media":54070,"comment_status":"open","ping_status":"closed","sticky":false,"template":"","format":"standard","meta":{"footnotes":""},"categories":[24,30,4,23],"tags":[],"ppma_author":[292],"class_list":["post-54069","post","type-post","status-publish","format-standard","has-post-thumbnail","hentry","category-aew-impact-njpw-roh","category-ex-wwe","category-news","category-wwe"],"authors":[{"term_id":292,"user_id":4,"is_guest":0,"slug":"jean","display_name":"Jean Vinnier","avatar_url":"https:\/\/secure.gravatar.com\/avatar\/33aba0263fd870a0b487e0e079ff407e10e3997c9d2987cbcc0db0db2c5c75a9?s=96&d=mm&r=g","0":null,"1":"","2":"","3":"","4":"","5":"","6":"","7":"","8":""}],"_links":{"self":[{"href":"https:\/\/www.jdx.info\/lutte\/wp-json\/wp\/v2\/posts\/54069","targetHints":{"allow":["GET"]}}],"collection":[{"href":"https:\/\/www.jdx.info\/lutte\/wp-json\/wp\/v2\/posts"}],"about":[{"href":"https:\/\/www.jdx.info\/lutte\/wp-json\/wp\/v2\/types\/post"}],"author":[{"embeddable":true,"href":"https:\/\/www.jdx.info\/lutte\/wp-json\/wp\/v2\/users\/4"}],"replies":[{"embeddable":true,"href":"https:\/\/www.jdx.info\/lutte\/wp-json\/wp\/v2\/comments?post=54069"}],"version-history":[{"count":1,"href":"https:\/\/www.jdx.info\/lutte\/wp-json\/wp\/v2\/posts\/54069\/revisions"}],"predecessor-version":[{"id":54071,"href":"https:\/\/www.jdx.info\/lutte\/wp-json\/wp\/v2\/posts\/54069\/revisions\/54071"}],"wp:featuredmedia":[{"embeddable":true,"href":"https:\/\/www.jdx.info\/lutte\/wp-json\/wp\/v2\/media\/54070"}],"wp:attachment":[{"href":"https:\/\/www.jdx.info\/lutte\/wp-json\/wp\/v2\/media?parent=54069"}],"wp:term":[{"taxonomy":"category","embeddable":true,"href":"https:\/\/www.jdx.info\/lutte\/wp-json\/wp\/v2\/categories?post=54069"},{"taxonomy":"post_tag","embeddable":true,"href":"https:\/\/www.jdx.info\/lutte\/wp-json\/wp\/v2\/tags?post=54069"},{"taxonomy":"author","embeddable":true,"href":"https:\/\/www.jdx.info\/lutte\/wp-json\/wp\/v2\/ppma_author?post=54069"}],"curies":[{"name":"wp","href":"https:\/\/api.w.org\/{rel}","templated":true}]}}