{"id":53860,"date":"2021-07-04T23:26:00","date_gmt":"2021-07-04T23:26:00","guid":{"rendered":"http:\/\/www.jdx.info\/lutte\/?p=53860"},"modified":"2021-07-05T04:33:05","modified_gmt":"2021-07-05T04:33:05","slug":"les-raisons-du-retour-de-zelina-vega-a-la-wwe","status":"publish","type":"post","link":"https:\/\/www.jdx.info\/lutte\/2021\/07\/04\/les-raisons-du-retour-de-zelina-vega-a-la-wwe\/","title":{"rendered":"Les Raisons du Retour de Zelina Vega \u00e0 la WWE!"},"content":{"rendered":"\n<p>Pour ceux qui l&rsquo;ont manqu\u00e9, Zelina Vega a fait son retour \u00e0 la WWE pendant l&rsquo;\u00e9dition de&nbsp;SmackDown du 2 juillet. Un retour surprenant, mais qu&rsquo;on attendait malgr\u00e9 tout comme elle avait \u00e9t\u00e9 aper\u00e7ue au Performance Center de la WWE. Il demeure surtout surprenant sachant son historique.<\/p>\n\n\n\n<p>Pour rappel, Vega avait \u00e9t\u00e9 licenci\u00e9e de la WWE car elle ne respectait pas les nouveaux r\u00e8glements de l&rsquo;utilisation des plateformes tierces comme Twitch et OnlyFans. Ce qui a men\u00e9 \u00e0 de nombreux Tweets o\u00f9 Vega r\u00e9clamait un syndicat \u00e0 la WWE, mais le probl\u00e8me semble \u00eatre r\u00e9gl\u00e9 puisqu&rsquo;elle a supprim\u00e9 ses Tweets depuis son retour.<\/p>\n\n\n\n<p>On apprend aussi via PWInsider&nbsp;qu&rsquo;un directeur de la WWE s&rsquo;est excus\u00e9e aupr\u00e8s de Zelina Vega&nbsp;au nom de la compagnie et que c&rsquo;est \u00e0 ce moment-l\u00e0 que les discussions ont recommenc\u00e9 pour lui offrir un nouveau contrat, qu&rsquo;elle a accept\u00e9 de signer. Il se dit que les deux parties sont parvenues \u00e0 un compromis et une compr\u00e9hension des int\u00e9r\u00eats de chacun. Les compromis semblent \u00e9vidents car depuis son retour,&nbsp;Zelina Vega a supprim\u00e9 son compte OnlyFans, mais son compte Twitch est pour l&rsquo;instant actif malgr\u00e9 le fait qu&rsquo;elle ne participe plus aux r\u00e9cents lives.<\/p>\n\n\n\n<ul class=\"wp-block-list\"><li><strong><a rel=\"noreferrer noopener\" href=\"https:\/\/www.jdx.info\/lutte\/2021\/07\/02\/resultats-du-wwe-friday-night-smackdown-du-2-juillet-2021\/\" target=\"_blank\">Pour les r\u00e9sultats ou voir le dernier Smackdown, cliquez ici<\/a><\/strong><\/li><\/ul>\n\n\n\n<p>D&rsquo;ailleurs, pour ceux et celles qui se demanderaient si le retour de Zelina Vega va nous mener au retour d&rsquo;Aleister Black accessoirement son mari, lib\u00e9r\u00e9 ressemant, pour l&rsquo;instant la r\u00e9ponse est non. <\/p>\n\n\n\n<p>Une source nous apprend qu&rsquo;Aleister Black ne figure pas dans les plans de la compagnie, du moins pour le moment. <\/p>\n<p><\/p>","protected":false},"excerpt":{"rendered":"<p>Pour ceux qui l&rsquo;ont manqu\u00e9, Zelina Vega a fait son retour \u00e0 la WWE pendant l&rsquo;\u00e9dition de&nbsp;SmackDown du 2 juillet. Un retour surprenant, mais qu&rsquo;on attendait malgr\u00e9 tout comme elle avait \u00e9t\u00e9 aper\u00e7ue au Performance Center de la WWE. Il demeure surtout surprenant sachant son historique. Pour rappel, Vega avait \u00e9t\u00e9 licenci\u00e9e de la WWE&#8230;<\/p>\n","protected":false},"author":4,"featured_media":53861,"comment_status":"open","ping_status":"closed","sticky":false,"template":"","format":"standard","meta":{"footnotes":""},"categories":[4,36,23],"tags":[],"ppma_author":[292],"class_list":["post-53860","post","type-post","status-publish","format-standard","has-post-thumbnail","hentry","category-news","category-smackdown","category-wwe"],"authors":[{"term_id":292,"user_id":4,"is_guest":0,"slug":"jean","display_name":"Jean Vinnier","avatar_url":"https:\/\/secure.gravatar.com\/avatar\/33aba0263fd870a0b487e0e079ff407e10e3997c9d2987cbcc0db0db2c5c75a9?s=96&d=mm&r=g","0":null,"1":"","2":"","3":"","4":"","5":"","6":"","7":"","8":""}],"_links":{"self":[{"href":"https:\/\/www.jdx.info\/lutte\/wp-json\/wp\/v2\/posts\/53860","targetHints":{"allow":["GET"]}}],"collection":[{"href":"https:\/\/www.jdx.info\/lutte\/wp-json\/wp\/v2\/posts"}],"about":[{"href":"https:\/\/www.jdx.info\/lutte\/wp-json\/wp\/v2\/types\/post"}],"author":[{"embeddable":true,"href":"https:\/\/www.jdx.info\/lutte\/wp-json\/wp\/v2\/users\/4"}],"replies":[{"embeddable":true,"href":"https:\/\/www.jdx.info\/lutte\/wp-json\/wp\/v2\/comments?post=53860"}],"version-history":[{"count":3,"href":"https:\/\/www.jdx.info\/lutte\/wp-json\/wp\/v2\/posts\/53860\/revisions"}],"predecessor-version":[{"id":53867,"href":"https:\/\/www.jdx.info\/lutte\/wp-json\/wp\/v2\/posts\/53860\/revisions\/53867"}],"wp:featuredmedia":[{"embeddable":true,"href":"https:\/\/www.jdx.info\/lutte\/wp-json\/wp\/v2\/media\/53861"}],"wp:attachment":[{"href":"https:\/\/www.jdx.info\/lutte\/wp-json\/wp\/v2\/media?parent=53860"}],"wp:term":[{"taxonomy":"category","embeddable":true,"href":"https:\/\/www.jdx.info\/lutte\/wp-json\/wp\/v2\/categories?post=53860"},{"taxonomy":"post_tag","embeddable":true,"href":"https:\/\/www.jdx.info\/lutte\/wp-json\/wp\/v2\/tags?post=53860"},{"taxonomy":"author","embeddable":true,"href":"https:\/\/www.jdx.info\/lutte\/wp-json\/wp\/v2\/ppma_author?post=53860"}],"curies":[{"name":"wp","href":"https:\/\/api.w.org\/{rel}","templated":true}]}}