{"id":53776,"date":"2021-07-02T09:43:00","date_gmt":"2021-07-02T09:43:00","guid":{"rendered":"http:\/\/www.jdx.info\/lutte\/?p=53776"},"modified":"2021-07-02T17:44:22","modified_gmt":"2021-07-02T17:44:22","slug":"shaquille-oneal-est-pret-pour-affronter-paul-wight-lancien-big-show-repond","status":"publish","type":"post","link":"https:\/\/www.jdx.info\/lutte\/2021\/07\/02\/shaquille-oneal-est-pret-pour-affronter-paul-wight-lancien-big-show-repond\/","title":{"rendered":"Shaquille O\u2019Neal est pr\u00eat pour affronter Paul Wight! L&rsquo;ancien Big Show r\u00e9pond !"},"content":{"rendered":"\n<p>Shaquille O\u2019Neal et Paul Wight (Big Show) ont d\u00e9j\u00e0 une grande histoire ensemble comme la WWE avait d\u00e9but\u00e9 une rivalit\u00e9 entre les deux, mais le match n&rsquo;a jamais eu lieu.<\/p>\n\n\n\n<p>Malgr\u00e9 une confrontation pendant la Battle Royal d&rsquo;Andr\u00e9 The Giant \u00e0 WrestleMania 32 entre les deux g\u00e9ants, le projet a \u00e9t\u00e9 annul\u00e9. La WWE \u00e9voquait la possibilit\u00e9 et la peur que Shaq ne prenne pas le match au s\u00e9rieux et qu&rsquo;il ne soit pas en forme physiquement pour le faire. Et pourtant il \u00e9tait en grande forme pour son premier match \u00e0 l&rsquo;AEW en mars dernier.<\/p>\n\n\n\n<p>Cette semaine il \u00e9tait en interview pour \u00a0\u00bbPop Culture\u00a0\u00bb et il a d\u00e9clar\u00e9 qu&rsquo;il \u00e9tait pr\u00eat pour affronter Paul Wight :<\/p>\n\n\n\n<blockquote class=\"wp-block-quote is-layout-flow wp-block-quote-is-layout-flow\"><p>\u00a0\u00bbLa derni\u00e8re fois il y avait beaucoup de bureaucraties et de formalit\u00e9s. Maintenant il n&rsquo;y a plus rien qui m\u2019emp\u00eache, mais j&rsquo;ai toujours un peu mal apr\u00e8s la chute contre la table, mais je vais r\u00e9veiller ses muscles et me pr\u00e9parer pour toi Mr. Paul !\u00a0\u00bb<\/p><\/blockquote>\n\n\n\n<center><iframe loading=\"lazy\" width=\"560\" height=\"315\" src=\"https:\/\/www.youtube.com\/embed\/AqOnVSseqgo\" title=\"YouTube video player\" frameborder=\"0\" allow=\"accelerometer; autoplay; clipboard-write; encrypted-media; gyroscope; picture-in-picture\" allowfullscreen=\"\"><\/iframe><\/center>\n\n<center><p><script async=\"\" src=\"https:\/\/pagead2.googlesyndication.com\/pagead\/js\/adsbygoogle.js\"><\/script>\n<ins class=\"adsbygoogle\" style=\"display:block; text-align:center;\" data-ad-layout=\"in-article\" data-ad-format=\"fluid\" data-ad-client=\"ca-pub-1986975368136072\" data-ad-slot=\"7818521013\"><\/ins>\n<script>\n     (adsbygoogle = window.adsbygoogle || []).push({});\n<\/script><\/p><\/center>\n\n\n\n<p>Suite \u00e0 cette entrevue de Shaquille O&rsquo;Neal ou il a  d\u00e9clar\u00e9 qu&rsquo;il reprenait son entrainement&nbsp;en pr\u00e9paration pour affronter Paul Wight. Un match qui n&rsquo;a jamais eu lieu \u00e0 la WWE et auquel Shaq explique avoir renonc\u00e9 \u00e0 cause du trop plein de formalit\u00e9s.<\/p>\n\n\n\n<p>Aujourd&rsquo;hui c&rsquo;est Paul Wight qui r\u00e9pond \u00e0 l&rsquo;interview de Shaq. Il dit :<\/p>\n\n\n\n<blockquote class=\"wp-block-quote is-layout-flow wp-block-quote-is-layout-flow\"><p>\u00a0\u00bbJe ne suis pas difficile \u00e0 trouver.\u00a0\u00bb<\/p><\/blockquote>\n\n\n\n<p>L&rsquo;ancien Big Show est tr\u00e8s facile \u00e0 trouver comme il est le commentateur de AEW Dark Elevation chaque lundi. Alors Shaq peut simplement aller le confronter pendant Dark Elevation ou Dynamite.<\/p>\n\n\n\n<p>Avez-vous h\u00e2te de voir cet affrontement entre les deux g\u00e9ants ?<\/p>\n\n\n\n<center><blockquote class=\"twitter-tweet\"><p lang=\"en\" dir=\"ltr\">I\u2019m not hard to find. <a href=\"https:\/\/t.co\/YLKFnWYZpd\">https:\/\/t.co\/YLKFnWYZpd<\/a><\/p>\u2014 Paul Wight (@PaulWight) <a href=\"https:\/\/twitter.com\/PaulWight\/status\/1410744014215663616?ref_src=twsrc%5Etfw\">July 1, 2021<\/a><\/blockquote> <script async=\"\" src=\"https:\/\/platform.twitter.com\/widgets.js\" charset=\"utf-8\"><\/script><\/center>\n<p><\/p>","protected":false},"excerpt":{"rendered":"<p>Shaquille O\u2019Neal et Paul Wight (Big Show) ont d\u00e9j\u00e0 une grande histoire ensemble comme la WWE avait d\u00e9but\u00e9 une rivalit\u00e9 entre les deux, mais le match n&rsquo;a jamais eu lieu. Malgr\u00e9 une confrontation pendant la Battle Royal d&rsquo;Andr\u00e9 The Giant \u00e0 WrestleMania 32 entre les deux g\u00e9ants, le projet a \u00e9t\u00e9 annul\u00e9. La WWE \u00e9voquait&#8230;<\/p>\n","protected":false},"author":609,"featured_media":53778,"comment_status":"open","ping_status":"closed","sticky":false,"template":"","format":"standard","meta":{"footnotes":""},"categories":[38,24,30,4],"tags":[],"ppma_author":[295],"class_list":["post-53776","post","type-post","status-publish","format-standard","has-post-thumbnail","hentry","category-aew","category-aew-impact-njpw-roh","category-ex-wwe","category-news"],"authors":[{"term_id":295,"user_id":609,"is_guest":0,"slug":"rodrigo","display_name":"Rodrigue Tousignant","avatar_url":"https:\/\/secure.gravatar.com\/avatar\/51fe284bb6dbe8a6b4c2bf998ad658f4a9cd24b7e58f15ec85888070c7340ce6?s=96&d=mm&r=g","0":null,"1":"","2":"","3":"","4":"","5":"","6":"","7":"","8":""}],"_links":{"self":[{"href":"https:\/\/www.jdx.info\/lutte\/wp-json\/wp\/v2\/posts\/53776","targetHints":{"allow":["GET"]}}],"collection":[{"href":"https:\/\/www.jdx.info\/lutte\/wp-json\/wp\/v2\/posts"}],"about":[{"href":"https:\/\/www.jdx.info\/lutte\/wp-json\/wp\/v2\/types\/post"}],"author":[{"embeddable":true,"href":"https:\/\/www.jdx.info\/lutte\/wp-json\/wp\/v2\/users\/609"}],"replies":[{"embeddable":true,"href":"https:\/\/www.jdx.info\/lutte\/wp-json\/wp\/v2\/comments?post=53776"}],"version-history":[{"count":2,"href":"https:\/\/www.jdx.info\/lutte\/wp-json\/wp\/v2\/posts\/53776\/revisions"}],"predecessor-version":[{"id":53779,"href":"https:\/\/www.jdx.info\/lutte\/wp-json\/wp\/v2\/posts\/53776\/revisions\/53779"}],"wp:featuredmedia":[{"embeddable":true,"href":"https:\/\/www.jdx.info\/lutte\/wp-json\/wp\/v2\/media\/53778"}],"wp:attachment":[{"href":"https:\/\/www.jdx.info\/lutte\/wp-json\/wp\/v2\/media?parent=53776"}],"wp:term":[{"taxonomy":"category","embeddable":true,"href":"https:\/\/www.jdx.info\/lutte\/wp-json\/wp\/v2\/categories?post=53776"},{"taxonomy":"post_tag","embeddable":true,"href":"https:\/\/www.jdx.info\/lutte\/wp-json\/wp\/v2\/tags?post=53776"},{"taxonomy":"author","embeddable":true,"href":"https:\/\/www.jdx.info\/lutte\/wp-json\/wp\/v2\/ppma_author?post=53776"}],"curies":[{"name":"wp","href":"https:\/\/api.w.org\/{rel}","templated":true}]}}