{"id":53686,"date":"2021-06-30T05:04:00","date_gmt":"2021-06-30T05:04:00","guid":{"rendered":"http:\/\/www.jdx.info\/lutte\/?p=53686"},"modified":"2021-06-30T17:08:07","modified_gmt":"2021-06-30T17:08:07","slug":"otis-change-encore-de-look-le-nouveau-nom-de-corbin-et-plus","status":"publish","type":"post","link":"https:\/\/www.jdx.info\/lutte\/2021\/06\/30\/otis-change-encore-de-look-le-nouveau-nom-de-corbin-et-plus\/","title":{"rendered":"Otis Change Encore de Look! Le Nouveau Nom de Corbin, et Plus!"},"content":{"rendered":"\n<p>Otis avait d\u00e9j\u00e0 ras\u00e9 sa barbe maintenant qu&rsquo;il est en \u00e9quipe avec Chad Gable, les deux formant un duo sans piti\u00e9 et plein d&rsquo;intensit\u00e9.&nbsp;<\/p>\n\n\n\n<p>Aujourd&rsquo;hui il \u00e9tait l&rsquo;invit\u00e9 du webshow WWE The Bump et il a encore une fois chang\u00e9 de look alors qu&rsquo;on peut le voir avec une nouvelle coupe de cheveux, comme celle de Chad Gable :<\/p>\n\n\n\n<center><blockquote class=\"twitter-tweet\"><p lang=\"en\" dir=\"ltr\">It&#39;s FOR THE ACADEMY with <a href=\"https:\/\/twitter.com\/otiswwe?ref_src=twsrc%5Etfw\">@otiswwe<\/a> &amp; <a href=\"https:\/\/twitter.com\/WWEGable?ref_src=twsrc%5Etfw\">@WWEGable<\/a>! That&#39;s always the mentality in and out of the ring.<a href=\"https:\/\/twitter.com\/hashtag\/WWETheBump?src=hash&amp;ref_src=twsrc%5Etfw\">#WWETheBump<\/a> <a href=\"https:\/\/t.co\/Q16wFglDEi\">pic.twitter.com\/Q16wFglDEi<\/a><\/p>&mdash; WWE\u2019s The Bump (@WWETheBump) <a href=\"https:\/\/twitter.com\/WWETheBump\/status\/1410246370804604928?ref_src=twsrc%5Etfw\">June 30, 2021<\/a><\/blockquote> <script async src=\"https:\/\/platform.twitter.com\/widgets.js\" charset=\"utf-8\"><\/script><\/center>\n<center><p><script async=\"\" src=\"https:\/\/pagead2.googlesyndication.com\/pagead\/js\/adsbygoogle.js\"><\/script>\n<ins class=\"adsbygoogle\" style=\"display:block; text-align:center;\" data-ad-layout=\"in-article\" data-ad-format=\"fluid\" data-ad-client=\"ca-pub-1986975368136072\" data-ad-slot=\"7818521013\"><\/ins>\n<script>\n     (adsbygoogle = window.adsbygoogle || []).push({});\n<\/script><\/p><\/center>\n\n\n\n\n\n<p>On apprenait gr\u00e2ce \u00e0 la page du roster de la WWE que King Corbin avait perdu son nom et\u00a0redevenait Baron Corbin. Un changement qui se fait apr\u00e8s deux ans de r\u00e8gne comme roi de la WWE.<\/p>\n\n\n\n<p>Aujourd&rsquo;hui, on apprend qu&rsquo;il devrait encore une fois changer de nom. Le registre des marques de commerce nous apprend que la WWE a d\u00e9pos\u00e9 le nom \u00a0\u00bbHappy Corbin\u00a0\u00bb\u00a0<em>(Heureux Corbin)<\/em>\u00a0comme nom de Superstar.<\/p>\n\n\n\n<p>Ce qui semble indiquer la nouvelle direction que les officiels de la WWE vont prendre avec Baron Corbin et confirmer qu&rsquo;il sera maintenant un catcheur r\u00e9solument heureux et assur\u00e9ment du c\u00f4t\u00e9 des gentils. Il faudra surveiller les prochains \u00e9pisodes de SmackDown pour en savoir plus.<\/p>\n\n\n\n<p>D&rsquo;ailleurs, le d\u00e9p\u00f4t de cette nouvelle marque de commerce n&rsquo;\u00e9tait pas le seul puisque la WWE a aussi d\u00e9pos\u00e9 le nom \u00a0\u00bbNikki A.S.H.\u00a0\u00bb qui sera le nouveau nom de Nikki Cross. ASH qui signifie \u00a0\u00bbAlmost a Super Hero\u00a0\u00bb&nbsp;<em>(presque un super-h\u00e9ros)<\/em>.<\/p>\n\n\n\n<p><\/p>\n<p><\/p>","protected":false},"excerpt":{"rendered":"<p>Otis avait d\u00e9j\u00e0 ras\u00e9 sa barbe maintenant qu&rsquo;il est en \u00e9quipe avec Chad Gable, les deux formant un duo sans piti\u00e9 et plein d&rsquo;intensit\u00e9.&nbsp; Aujourd&rsquo;hui il \u00e9tait l&rsquo;invit\u00e9 du webshow WWE The Bump et il a encore une fois chang\u00e9 de look alors qu&rsquo;on peut le voir avec une nouvelle coupe de cheveux, comme celle&#8230;<\/p>\n","protected":false},"author":609,"featured_media":53687,"comment_status":"open","ping_status":"closed","sticky":false,"template":"","format":"standard","meta":{"footnotes":""},"categories":[4,23],"tags":[],"ppma_author":[295],"class_list":["post-53686","post","type-post","status-publish","format-standard","has-post-thumbnail","hentry","category-news","category-wwe"],"authors":[{"term_id":295,"user_id":609,"is_guest":0,"slug":"rodrigo","display_name":"Rodrigue Tousignant","avatar_url":"https:\/\/secure.gravatar.com\/avatar\/51fe284bb6dbe8a6b4c2bf998ad658f4a9cd24b7e58f15ec85888070c7340ce6?s=96&d=mm&r=g","0":null,"1":"","2":"","3":"","4":"","5":"","6":"","7":"","8":""}],"_links":{"self":[{"href":"https:\/\/www.jdx.info\/lutte\/wp-json\/wp\/v2\/posts\/53686","targetHints":{"allow":["GET"]}}],"collection":[{"href":"https:\/\/www.jdx.info\/lutte\/wp-json\/wp\/v2\/posts"}],"about":[{"href":"https:\/\/www.jdx.info\/lutte\/wp-json\/wp\/v2\/types\/post"}],"author":[{"embeddable":true,"href":"https:\/\/www.jdx.info\/lutte\/wp-json\/wp\/v2\/users\/609"}],"replies":[{"embeddable":true,"href":"https:\/\/www.jdx.info\/lutte\/wp-json\/wp\/v2\/comments?post=53686"}],"version-history":[{"count":1,"href":"https:\/\/www.jdx.info\/lutte\/wp-json\/wp\/v2\/posts\/53686\/revisions"}],"predecessor-version":[{"id":53688,"href":"https:\/\/www.jdx.info\/lutte\/wp-json\/wp\/v2\/posts\/53686\/revisions\/53688"}],"wp:featuredmedia":[{"embeddable":true,"href":"https:\/\/www.jdx.info\/lutte\/wp-json\/wp\/v2\/media\/53687"}],"wp:attachment":[{"href":"https:\/\/www.jdx.info\/lutte\/wp-json\/wp\/v2\/media?parent=53686"}],"wp:term":[{"taxonomy":"category","embeddable":true,"href":"https:\/\/www.jdx.info\/lutte\/wp-json\/wp\/v2\/categories?post=53686"},{"taxonomy":"post_tag","embeddable":true,"href":"https:\/\/www.jdx.info\/lutte\/wp-json\/wp\/v2\/tags?post=53686"},{"taxonomy":"author","embeddable":true,"href":"https:\/\/www.jdx.info\/lutte\/wp-json\/wp\/v2\/ppma_author?post=53686"}],"curies":[{"name":"wp","href":"https:\/\/api.w.org\/{rel}","templated":true}]}}