{"id":53416,"date":"2021-06-24T08:03:00","date_gmt":"2021-06-24T08:03:00","guid":{"rendered":"https:\/\/www.jdx.info\/lutte\/?p=53416"},"modified":"2021-06-24T18:02:57","modified_gmt":"2021-06-24T18:02:57","slug":"mise-a-jour-du-statut-de-la-wwe-sur-jeff-hardy","status":"publish","type":"post","link":"https:\/\/www.jdx.info\/lutte\/2021\/06\/24\/mise-a-jour-du-statut-de-la-wwe-sur-jeff-hardy\/","title":{"rendered":"Mise \u00e0 jour du statut de la WWE sur Jeff Hardy"},"content":{"rendered":"\n<p>Il a \u00e9t\u00e9 r\u00e9v\u00e9l\u00e9 en 2020 que Jeff Hardy avait re-sign\u00e9 avec la WWE vers le milieu de l&rsquo;ann\u00e9e.&nbsp;Il a \u00e9t\u00e9 rapport\u00e9 plus tard que le nouveau contrat aurait \u00e9t\u00e9 d&rsquo;environ 2-3 ans.<\/p>\n\n\n\n<p>Dans une mise \u00e0 jour,\u00a0notre source\u00a0rapporte que tout au long de l&rsquo;ann\u00e9e, la WWE a apport\u00e9 des modifications \u00e0 plusieurs contrats de Superstar, et l&rsquo;accord de Hardy a \u00e9t\u00e9 soit restructur\u00e9, re-sign\u00e9 ou prolong\u00e9.<\/p>\n\n\n\n<p>La rumeur veut maintenant que le contrat WWE actuel de Hardy expirera \u00e0 la fin de 2022 ou au d\u00e9but de 2023.<\/p>\n\n\n\n<p>Jeff a not\u00e9 dans une interview de septembre 2020 que son contrat pr\u00e9voyait le retour de sa chanson th\u00e8me \u00abNo More Words\u00bb, qui serait ramen\u00e9e lorsque la soci\u00e9t\u00e9 serait en mesure de ramener les fans aux spectacles.&nbsp;La WWE reviendra en tourn\u00e9e avec des foules le mois prochain, il est donc probable que nous verrons l&rsquo;ancienne chanson th\u00e8me de Hardy revenir, avec une \u00e9ventuelle pouss\u00e9e.<\/p>\n\n\n\n<blockquote class=\"wp-block-quote is-layout-flow wp-block-quote-is-layout-flow\"><p>\u00ab\u00a0&lsquo;No More Words&rsquo;, quand nous nous retrouvons \u00e0 nouveau devant une foule, cela faisait partie de ma nouvelle signature\u00a0\u00bb, a d\u00e9clar\u00e9 Hardy \u00e0 BT Sport l&rsquo;ann\u00e9e derni\u00e8re.&nbsp;\u00ab\u00a0Je me suis dit : &lsquo;Si nous nous retrouvons devant des gens, j&rsquo;aimerais utiliser \u00e0 nouveau &lsquo;No More Words&rsquo; parce que je sais que vous le poss\u00e9dez tous.&rsquo;&nbsp;Donc, c&rsquo;\u00e9tait l&rsquo;affaire pour moi de signer \u00e0 nouveau, ce sera le ticket quand nous reviendrons devant la foule.&nbsp;\u00c7a va me booster encore plus\u2026 d&rsquo;entendre \u00e0 nouveau cette musique, parce que je pense que la musique de The Hardy Boyz est juste pour Matt et Jeff Hardy, pas seulement pour Jeff Hardy.<\/p><\/blockquote>\n\n\n\n<p>Malgr\u00e9 sa nouvelle signature avec la WWE l&rsquo;ann\u00e9e derni\u00e8re, Hardy n&rsquo;a pas \u00e9t\u00e9 beaucoup utilis\u00e9 ces derniers temps.\u00a0Depuis Elimination Chamber fin f\u00e9vrier, il a perdu contre le champion des \u00c9tats-Unis  Sheamus le 22 f\u00e9vrier \u00e0 RAW, a perdu contre The Miz le 22 mars \u00e0 RAW, a perdu contre Jinder Mahal lors du Main Event du 6 mai, a de nouveau perdu contre Mahal le 10 mai. D\u00e9faite contre Mustafa Ali lors du Main Event du 3 mai, puis a battu Cedric Alexander lors du RAW du 7 juin.\u00a0Le RAW du 14 juin a vu Hardy perdre contre John Morrison, mais vaincre Cedric Alexander la m\u00eame nuit.\u00a0<\/p>\n\n\n\n<p>Le p\u00e8re de Hardy, Gilbert, est d\u00e9c\u00e9d\u00e9 le 6 avril et Matt Hardy a not\u00e9 plus tard que Jeff avait aid\u00e9 \u00e0 prendre soin de son p\u00e8re au cours des derni\u00e8res ann\u00e9es.<\/p>\n\n\n\n<p>On ne sait pas ce que la WWE aurait pu pr\u00e9voir pour Hardy cet \u00e9t\u00e9, mais nous vous tiendrons au courant.<\/p>\n<p><\/p>","protected":false},"excerpt":{"rendered":"<p>Il a \u00e9t\u00e9 r\u00e9v\u00e9l\u00e9 en 2020 que Jeff Hardy avait re-sign\u00e9 avec la WWE vers le milieu de l&rsquo;ann\u00e9e.&nbsp;Il a \u00e9t\u00e9 rapport\u00e9 plus tard que le nouveau contrat aurait \u00e9t\u00e9 d&rsquo;environ 2-3 ans. Dans une mise \u00e0 jour,\u00a0notre source\u00a0rapporte que tout au long de l&rsquo;ann\u00e9e, la WWE a apport\u00e9 des modifications \u00e0 plusieurs contrats de&#8230;<\/p>\n","protected":false},"author":665,"featured_media":53435,"comment_status":"open","ping_status":"closed","sticky":false,"template":"","format":"standard","meta":{"footnotes":""},"categories":[4,23],"tags":[],"ppma_author":[289],"class_list":["post-53416","post","type-post","status-publish","format-standard","has-post-thumbnail","hentry","category-news","category-wwe"],"authors":[{"term_id":289,"user_id":665,"is_guest":0,"slug":"line","display_name":"Line Edmond","avatar_url":"https:\/\/secure.gravatar.com\/avatar\/852de09636413c90cdaa278312f9ea5bc4396768745424755cb63d99a05989d0?s=96&d=mm&r=g","0":null,"1":"","2":"","3":"","4":"","5":"","6":"","7":"","8":""}],"_links":{"self":[{"href":"https:\/\/www.jdx.info\/lutte\/wp-json\/wp\/v2\/posts\/53416","targetHints":{"allow":["GET"]}}],"collection":[{"href":"https:\/\/www.jdx.info\/lutte\/wp-json\/wp\/v2\/posts"}],"about":[{"href":"https:\/\/www.jdx.info\/lutte\/wp-json\/wp\/v2\/types\/post"}],"author":[{"embeddable":true,"href":"https:\/\/www.jdx.info\/lutte\/wp-json\/wp\/v2\/users\/665"}],"replies":[{"embeddable":true,"href":"https:\/\/www.jdx.info\/lutte\/wp-json\/wp\/v2\/comments?post=53416"}],"version-history":[{"count":2,"href":"https:\/\/www.jdx.info\/lutte\/wp-json\/wp\/v2\/posts\/53416\/revisions"}],"predecessor-version":[{"id":53436,"href":"https:\/\/www.jdx.info\/lutte\/wp-json\/wp\/v2\/posts\/53416\/revisions\/53436"}],"wp:featuredmedia":[{"embeddable":true,"href":"https:\/\/www.jdx.info\/lutte\/wp-json\/wp\/v2\/media\/53435"}],"wp:attachment":[{"href":"https:\/\/www.jdx.info\/lutte\/wp-json\/wp\/v2\/media?parent=53416"}],"wp:term":[{"taxonomy":"category","embeddable":true,"href":"https:\/\/www.jdx.info\/lutte\/wp-json\/wp\/v2\/categories?post=53416"},{"taxonomy":"post_tag","embeddable":true,"href":"https:\/\/www.jdx.info\/lutte\/wp-json\/wp\/v2\/tags?post=53416"},{"taxonomy":"author","embeddable":true,"href":"https:\/\/www.jdx.info\/lutte\/wp-json\/wp\/v2\/ppma_author?post=53416"}],"curies":[{"name":"wp","href":"https:\/\/api.w.org\/{rel}","templated":true}]}}