{"id":53103,"date":"2021-06-19T12:11:00","date_gmt":"2021-06-19T12:11:00","guid":{"rendered":"http:\/\/www.jdx.info\/lutte\/?p=53103"},"modified":"2021-06-19T20:17:14","modified_gmt":"2021-06-19T20:17:14","slug":"des-precisions-sur-bronson-reed-et-karrion-kross-a-quand-la-monte-du-champion-nxt-avec-raw-ou-smackdown","status":"publish","type":"post","link":"https:\/\/www.jdx.info\/lutte\/2021\/06\/19\/des-precisions-sur-bronson-reed-et-karrion-kross-a-quand-la-monte-du-champion-nxt-avec-raw-ou-smackdown\/","title":{"rendered":"Des pr\u00e9cisions sur  Bronson Reed et Karrion Kross! A Quand La Mont\u00e9 du Champion NXT avec RAW ou Smackdown?"},"content":{"rendered":"\n<p>Ce vendredi, Karrion Kross et Bronson Reed \u00e9taient pr\u00e9sents dans les vestiaires de SmackDown. Si on sait d\u00e9j\u00e0 que le champion de NXT a combattu Dolph Ziggler dans un match non-t\u00e9l\u00e9vis\u00e9, Bronson Reed \u00e9tait quant \u00e0 lui, oppos\u00e9 \u00e0 Robert Roode.<\/p>\n\n\n\n<p>Le PWInsider nous indique que les plans seraient de faire revenir Karrion Kross et Scarlett pour qu&rsquo;ils enregistrent des promos, qui serviront, l\u00e0 encore, \u00e0 les \u00e9valuer dans l&rsquo;optique d&rsquo;une future int\u00e9gration \u00e0 RAW ou SmackDown. Concernant Bronson Reed, il n&rsquo;est pas pr\u00e9vu de le faire revenir la semaine prochaine.<\/p>\n\n\n\n<center><p><script async=\"\" src=\"https:\/\/pagead2.googlesyndication.com\/pagead\/js\/adsbygoogle.js\"><\/script>\n<ins class=\"adsbygoogle\" style=\"display:block; text-align:center;\" data-ad-layout=\"in-article\" data-ad-format=\"fluid\" data-ad-client=\"ca-pub-1986975368136072\" data-ad-slot=\"7818521013\"><\/ins>\n<script>\n     (adsbygoogle = window.adsbygoogle || []).push({});\n<\/script><\/p><\/center>\n\n\n\n\n<p>Toujours concernant Karrion Kross, il a affront\u00e9 Dolph Ziggler dans un match non-t\u00e9l\u00e9vis\u00e9 vendredi soir lors du Friday Night Smackdown. G\u00e9n\u00e9ralement, ce genre d&rsquo;affrontement sert \u00e0 Vince McMahon et aux producteurs d&rsquo;\u00e9valuer de pr\u00e8s le lutteur, en vue d&rsquo;une int\u00e9gration dans le Roster Principal.<\/p>\n\n\n\n<p>S&rsquo;il semble proche de rejoindre le roster principal, ne nous savons toujours pas quand est-ce-que cela pourrait avoir lieu. D&rsquo;habitude, les d\u00e9buts se font souvent lors d&rsquo;un \u00e9pisode TV suivant un pay-per-view, mais le PWInsider croit savoir qu&rsquo;il faudra tout de m\u00eame attendre le prochain Draft pour voir Karrion Kross d\u00e9barquer \u00e0 RAW ou SmackDown, c&rsquo;est-\u00e0-dire l&rsquo;automne prochain pour la nouvelle saison.<\/p>\n\n\n\n<p><\/p>\n<p><\/p>","protected":false},"excerpt":{"rendered":"<p>Ce vendredi, Karrion Kross et Bronson Reed \u00e9taient pr\u00e9sents dans les vestiaires de SmackDown. Si on sait d\u00e9j\u00e0 que le champion de NXT a combattu Dolph Ziggler dans un match non-t\u00e9l\u00e9vis\u00e9, Bronson Reed \u00e9tait quant \u00e0 lui, oppos\u00e9 \u00e0 Robert Roode. Le PWInsider nous indique que les plans seraient de faire revenir Karrion Kross et&#8230;<\/p>\n","protected":false},"author":609,"featured_media":53104,"comment_status":"open","ping_status":"closed","sticky":false,"template":"","format":"standard","meta":{"footnotes":""},"categories":[4,43,36,23],"tags":[],"ppma_author":[295],"class_list":["post-53103","post","type-post","status-publish","format-standard","has-post-thumbnail","hentry","category-news","category-raw-wwe","category-smackdown","category-wwe"],"authors":[{"term_id":295,"user_id":609,"is_guest":0,"slug":"rodrigo","display_name":"Rodrigue Tousignant","avatar_url":"https:\/\/secure.gravatar.com\/avatar\/51fe284bb6dbe8a6b4c2bf998ad658f4a9cd24b7e58f15ec85888070c7340ce6?s=96&d=mm&r=g","0":null,"1":"","2":"","3":"","4":"","5":"","6":"","7":"","8":""}],"_links":{"self":[{"href":"https:\/\/www.jdx.info\/lutte\/wp-json\/wp\/v2\/posts\/53103","targetHints":{"allow":["GET"]}}],"collection":[{"href":"https:\/\/www.jdx.info\/lutte\/wp-json\/wp\/v2\/posts"}],"about":[{"href":"https:\/\/www.jdx.info\/lutte\/wp-json\/wp\/v2\/types\/post"}],"author":[{"embeddable":true,"href":"https:\/\/www.jdx.info\/lutte\/wp-json\/wp\/v2\/users\/609"}],"replies":[{"embeddable":true,"href":"https:\/\/www.jdx.info\/lutte\/wp-json\/wp\/v2\/comments?post=53103"}],"version-history":[{"count":1,"href":"https:\/\/www.jdx.info\/lutte\/wp-json\/wp\/v2\/posts\/53103\/revisions"}],"predecessor-version":[{"id":53105,"href":"https:\/\/www.jdx.info\/lutte\/wp-json\/wp\/v2\/posts\/53103\/revisions\/53105"}],"wp:featuredmedia":[{"embeddable":true,"href":"https:\/\/www.jdx.info\/lutte\/wp-json\/wp\/v2\/media\/53104"}],"wp:attachment":[{"href":"https:\/\/www.jdx.info\/lutte\/wp-json\/wp\/v2\/media?parent=53103"}],"wp:term":[{"taxonomy":"category","embeddable":true,"href":"https:\/\/www.jdx.info\/lutte\/wp-json\/wp\/v2\/categories?post=53103"},{"taxonomy":"post_tag","embeddable":true,"href":"https:\/\/www.jdx.info\/lutte\/wp-json\/wp\/v2\/tags?post=53103"},{"taxonomy":"author","embeddable":true,"href":"https:\/\/www.jdx.info\/lutte\/wp-json\/wp\/v2\/ppma_author?post=53103"}],"curies":[{"name":"wp","href":"https:\/\/api.w.org\/{rel}","templated":true}]}}