{"id":52147,"date":"2021-06-02T13:23:08","date_gmt":"2021-06-02T13:23:08","guid":{"rendered":"https:\/\/www.jdx.info\/lutte\/?p=52147"},"modified":"2021-06-02T13:23:09","modified_gmt":"2021-06-02T13:23:09","slug":"vince-en-furi-contre-le-dernier-miz-tv-la-situation-avec-le-champion-des-usa-sheamus-et-plus","status":"publish","type":"post","link":"https:\/\/www.jdx.info\/lutte\/2021\/06\/02\/vince-en-furi-contre-le-dernier-miz-tv-la-situation-avec-le-champion-des-usa-sheamus-et-plus\/","title":{"rendered":"Vince En Furi Contre le Dernier Miz Tv! La Situation avec le Champion des USA Sheamus, et Plus!"},"content":{"rendered":"\n<p>&#8211; Le champion des \u00c9tats-Unis de la WWE, Sheamus, a confirm\u00e9 qu&rsquo;il ne renoncera pas \u00e0 son titre apr\u00e8s avoir souffert d&rsquo;une fracture du nez lors de sa d\u00e9faite sans titre en jeu contre Humberto Carrillo lors du RAW de lundi soir<\/p>\n\n\n\n<p>Le Guerrier Celte a subi deux d\u00e9faites cons\u00e9cutives contre Ricochet puis Carrillo lors du RAW de lundi. Lors du second match, Carrillo lui a ass\u00e9n\u00e9 un coup violent qui lui a cass\u00e9 le nez. Il a ensuite saign\u00e9 abondamment jusqu&rsquo;\u00e0 la fin du match, le sang coulant sur sa poitrine et son visage.<\/p>\n\n\n\n<center><p><script async=\"\" src=\"https:\/\/pagead2.googlesyndication.com\/pagead\/js\/adsbygoogle.js\"><\/script>\n<ins class=\"adsbygoogle\" style=\"display:block; text-align:center;\" data-ad-layout=\"in-article\" data-ad-format=\"fluid\" data-ad-client=\"ca-pub-1986975368136072\" data-ad-slot=\"7818521013\"><\/ins>\n<script>\n     (adsbygoogle = window.adsbygoogle || []).push({});\n<\/script><\/p><\/center>\n\n\n\n\n<p>&#8211; Le PWInsider nous indique que le segment d&rsquo;ouverture de RAW, le MizTV, a dur\u00e9 bien plus longtemps qu&rsquo;il ne le devait et que cela a passablement \u00e9nerv\u00e9 Vince McMahon. Apparemment, il fut plus long de huit \u00e0 dix minutes, ce qui a forc\u00e9 la WWE a raccourcir des segments tout au long du show pour palier \u00e0 ce retard ; il est cependant dit que le main-event entre Kofi Kingston et Drew McIntyre n&rsquo;a pas \u00e9t\u00e9 affect\u00e9. <\/p>\n\n\n\n<p>Nous attendons la suite \u00e0 savoir s&rsquo;il y aura des cons\u00e9quences pour les fautifs de cet \u00e9tirement dans le temps. <br><\/p>\n\n\n\n<ul class=\"wp-block-list\"><li><a href=\"https:\/\/www.jdx.info\/lutte\/2021\/05\/31\/resultats-du-wwe-monday-night-raw-du-31-mai-2021\/\" target=\"_blank\" rel=\"noreferrer noopener\"><strong>Pour les r\u00e9sultats ou voir le dernier RAW, cliquez ici<\/strong><\/a><\/li><\/ul>\n<p><\/p>","protected":false},"excerpt":{"rendered":"<p>&#8211; Le champion des \u00c9tats-Unis de la WWE, Sheamus, a confirm\u00e9 qu&rsquo;il ne renoncera pas \u00e0 son titre apr\u00e8s avoir souffert d&rsquo;une fracture du nez lors de sa d\u00e9faite sans titre en jeu contre Humberto Carrillo lors du RAW de lundi soir Le Guerrier Celte a subi deux d\u00e9faites cons\u00e9cutives contre Ricochet puis Carrillo lors&#8230;<\/p>\n","protected":false},"author":609,"featured_media":52148,"comment_status":"open","ping_status":"closed","sticky":false,"template":"","format":"standard","meta":{"footnotes":""},"categories":[4,43,23],"tags":[],"ppma_author":[295],"class_list":["post-52147","post","type-post","status-publish","format-standard","has-post-thumbnail","hentry","category-news","category-raw-wwe","category-wwe"],"authors":[{"term_id":295,"user_id":609,"is_guest":0,"slug":"rodrigo","display_name":"Rodrigue Tousignant","avatar_url":"https:\/\/secure.gravatar.com\/avatar\/51fe284bb6dbe8a6b4c2bf998ad658f4a9cd24b7e58f15ec85888070c7340ce6?s=96&d=mm&r=g","0":null,"1":"","2":"","3":"","4":"","5":"","6":"","7":"","8":""}],"_links":{"self":[{"href":"https:\/\/www.jdx.info\/lutte\/wp-json\/wp\/v2\/posts\/52147","targetHints":{"allow":["GET"]}}],"collection":[{"href":"https:\/\/www.jdx.info\/lutte\/wp-json\/wp\/v2\/posts"}],"about":[{"href":"https:\/\/www.jdx.info\/lutte\/wp-json\/wp\/v2\/types\/post"}],"author":[{"embeddable":true,"href":"https:\/\/www.jdx.info\/lutte\/wp-json\/wp\/v2\/users\/609"}],"replies":[{"embeddable":true,"href":"https:\/\/www.jdx.info\/lutte\/wp-json\/wp\/v2\/comments?post=52147"}],"version-history":[{"count":1,"href":"https:\/\/www.jdx.info\/lutte\/wp-json\/wp\/v2\/posts\/52147\/revisions"}],"predecessor-version":[{"id":52149,"href":"https:\/\/www.jdx.info\/lutte\/wp-json\/wp\/v2\/posts\/52147\/revisions\/52149"}],"wp:featuredmedia":[{"embeddable":true,"href":"https:\/\/www.jdx.info\/lutte\/wp-json\/wp\/v2\/media\/52148"}],"wp:attachment":[{"href":"https:\/\/www.jdx.info\/lutte\/wp-json\/wp\/v2\/media?parent=52147"}],"wp:term":[{"taxonomy":"category","embeddable":true,"href":"https:\/\/www.jdx.info\/lutte\/wp-json\/wp\/v2\/categories?post=52147"},{"taxonomy":"post_tag","embeddable":true,"href":"https:\/\/www.jdx.info\/lutte\/wp-json\/wp\/v2\/tags?post=52147"},{"taxonomy":"author","embeddable":true,"href":"https:\/\/www.jdx.info\/lutte\/wp-json\/wp\/v2\/ppma_author?post=52147"}],"curies":[{"name":"wp","href":"https:\/\/api.w.org\/{rel}","templated":true}]}}