{"id":51692,"date":"2021-05-25T21:39:21","date_gmt":"2021-05-25T21:39:21","guid":{"rendered":"http:\/\/www.jdx.info\/lutte\/?p=51692"},"modified":"2021-05-26T03:53:16","modified_gmt":"2021-05-26T03:53:16","slug":"le-gerant-dun-wwe-hall-of-famer-decede","status":"publish","type":"post","link":"https:\/\/www.jdx.info\/lutte\/2021\/05\/25\/le-gerant-dun-wwe-hall-of-famer-decede\/","title":{"rendered":"Le G\u00e9rant d&rsquo;un WWE Hall of Famer D\u00e9c\u00e8de! RIP \u00ab\u00a0The Sheik\u00a0\u00bb Massand Deepak!"},"content":{"rendered":"\n<p>C&rsquo;est avec regret que je vous annonce le d\u00e9c\u00e8s d&rsquo;un ami et rival autour du ring en Massand Deepak qui a \u00e9t\u00e9 le g\u00e9rant d&rsquo;Abdulah The Buther intronis\u00e9 au Hall of Fame de la WWE. <\/p>\n\n\n\n<p>Nous n&rsquo;avons pas de d\u00e9tails pour le moment mais \u00e9tant tr\u00e8s malade, soufrant de dystrophie musculaire depuis plusieurs d\u00e9cennie, il y a des doutes sur cette cause. <\/p>\n\n\n\n<p>En mon nom personnel, et au nom de toute l&rsquo;\u00e9quipe d&rsquo;Info-Lutte, j&rsquo;aimerais souhaitez toutes nos plus s&rsquo;ins\u00e8res sympathies \u00e0 la famille et aux amis de M. Deepak. <\/p>\n\n\n\n<blockquote class=\"wp-block-quote is-layout-flow wp-block-quote-is-layout-flow\"><p>N\u00e9 au Pakistan en novembre 1942, Deepak Massand s\u2019est \u00e9tabli \u00e0 Montr\u00e9al en 1967, lorsqu\u2019il s\u2019est vu offrir un emploi dans le pavillon de l\u2019Inde, \u00e0 l\u2019occasion d\u2019Expo \u201967. <\/p><p>Suite \u00e0 son arriv\u00e9e \u00e0 Montr\u00e9al en 1967, Massand a acquis une certaine notori\u00e9t\u00e9 en tant que \u00abheel\u00bb  en incarnant le r\u00f4le de \u00abThe Sheik.\u00bb Toutefois, la long\u00e9vit\u00e9 de ce personnage a \u00e9t\u00e9 de courte dur\u00e9e, en raison d\u2019un conflit opposant les promoteurs locaux Paul Vachon et Johnny Rougeau, pour lesquels Massand travaillait r\u00e9guli\u00e8rement. Massand a alors quitt\u00e9 Montr\u00e9al \u00e0 la faveur de Calgary, o\u00f9 il a lutt\u00e9 et a parfait son entra\u00eenement en compagnie du l\u00e9gendaire promoteur Stu Hart.<\/p><p>En 1985, Massand est devenu le \u00abmanager\u00bb d\u2019Abdullah The Butcher. Il \u00e9tait alors connu sous le nom \u00abDeepak Singh.\u00bb Les combats sanglants et d\u2019une extr\u00eame violence pr\u00e9conis\u00e9s par Abdullah The Butcher ont toutefois port\u00e9 Massand \u00e0 se remettre en question. Ces bains de sang lui rappelaient les horreurs qu\u2019il avaient v\u00e9cues au Pakistan durant ses jeunes ann\u00e9es, et il a \u00e9ventuellement pris la d\u00e9cision de se retirer du monde de la lutte.<\/p><p>Apr\u00e8s avoir fait ses adieux \u00e0 la lutte, Massand a jou\u00e9 divers petits r\u00f4les \u00e0 la t\u00e9l\u00e9vision et au cin\u00e9ma. Il a \u00e9galement tent\u00e9 sa chance en politique et s\u2019est impliqu\u00e9 durant plusieurs ann\u00e9es sur la sc\u00e8ne f\u00e9d\u00e9rale, notamment comme candidat du Parti Conservateur. Puis, en 2007, Monsieur Massand a publi\u00e9 sa propre autobiographie (\u00abDeepak Massand: An Autobiography\u00bb). Certaines sources proches du principal int\u00e9ress\u00e9 affirment toutefois qu\u2019il a \u00e9t\u00e9 escroqu\u00e9 par des gens pr\u00e9tendument \u00abbienveillants\u00bb et qu\u2019il n\u2019a jamais pu b\u00e9n\u00e9ficier de l\u2019argent d\u00e9coulant des ventes de son livre.<\/p><p>Souffrant de dystrophie musculaire depuis 1979, Deepak Massand passe d\u00e9sormais son temps entre sa r\u00e9sidence et l\u2019h\u00f4pital. Il peine \u00e0 se d\u00e9placer et, tristement, il ne semble plus avoir de famille dans la r\u00e9gion de Montr\u00e9al. Son amiti\u00e9 avec le fondateur de la FLQ Wrestling, Monsieur Paul Leduc, semble \u00eatre l\u2019un des derniers vestiges d\u2019une \u00e9poustouflante carri\u00e8re qui, depuis quelques ann\u00e9es, a sombr\u00e9 dans l\u2019oubli.<\/p><\/blockquote>\n\n\n\n<p class=\"has-small-font-size\"><em>Bio d&rsquo;Etienne Godin<\/em><\/p>\n\n\n\n<p>Je vous laisse sur ma premi\u00e8re rencontre avec celui qu&rsquo;on appelait The Sheik <\/p>\n\n\n\n<center><iframe loading=\"lazy\" src=\"https:\/\/www.facebook.com\/plugins\/video.php?height=372&#038;href=https%3A%2F%2Fwww.facebook.com%2FJasonDarkCashDescoteaux%2Fvideos%2F152781344755072%2F&#038;show_text=false&#038;width=560\" width=\"560\" height=\"372\" style=\"border:none;overflow:hidden\" scrolling=\"no\" frameborder=\"0\" allowfullscreen=\"true\" allow=\"autoplay; clipboard-write; encrypted-media; picture-in-picture; web-share\" allowFullScreen=\"true\"><\/iframe><\/center>\n<p><\/p>","protected":false},"excerpt":{"rendered":"<p>C&rsquo;est avec regret que je vous annonce le d\u00e9c\u00e8s d&rsquo;un ami et rival autour du ring en Massand Deepak qui a \u00e9t\u00e9 le g\u00e9rant d&rsquo;Abdulah The Buther intronis\u00e9 au Hall of Fame de la WWE. Nous n&rsquo;avons pas de d\u00e9tails pour le moment mais \u00e9tant tr\u00e8s malade, soufrant de dystrophie musculaire depuis plusieurs d\u00e9cennie, il&#8230;<\/p>\n","protected":false},"author":2,"featured_media":51693,"comment_status":"open","ping_status":"closed","sticky":false,"template":"","format":"standard","meta":{"footnotes":""},"categories":[22,4],"tags":[],"ppma_author":[287],"class_list":["post-51692","post","type-post","status-publish","format-standard","has-post-thumbnail","hentry","category-indy","category-news"],"authors":[{"term_id":287,"user_id":2,"is_guest":0,"slug":"jason","display_name":"Jason Desc\u00f4teaux","avatar_url":"https:\/\/secure.gravatar.com\/avatar\/f64adf6d13198c3a532c061cecd8672089a1e9a3d07c702dffe886a7e55a15eb?s=96&d=mm&r=g","0":null,"1":"","2":"","3":"","4":"","5":"","6":"","7":"","8":""}],"_links":{"self":[{"href":"https:\/\/www.jdx.info\/lutte\/wp-json\/wp\/v2\/posts\/51692","targetHints":{"allow":["GET"]}}],"collection":[{"href":"https:\/\/www.jdx.info\/lutte\/wp-json\/wp\/v2\/posts"}],"about":[{"href":"https:\/\/www.jdx.info\/lutte\/wp-json\/wp\/v2\/types\/post"}],"author":[{"embeddable":true,"href":"https:\/\/www.jdx.info\/lutte\/wp-json\/wp\/v2\/users\/2"}],"replies":[{"embeddable":true,"href":"https:\/\/www.jdx.info\/lutte\/wp-json\/wp\/v2\/comments?post=51692"}],"version-history":[{"count":4,"href":"https:\/\/www.jdx.info\/lutte\/wp-json\/wp\/v2\/posts\/51692\/revisions"}],"predecessor-version":[{"id":51720,"href":"https:\/\/www.jdx.info\/lutte\/wp-json\/wp\/v2\/posts\/51692\/revisions\/51720"}],"wp:featuredmedia":[{"embeddable":true,"href":"https:\/\/www.jdx.info\/lutte\/wp-json\/wp\/v2\/media\/51693"}],"wp:attachment":[{"href":"https:\/\/www.jdx.info\/lutte\/wp-json\/wp\/v2\/media?parent=51692"}],"wp:term":[{"taxonomy":"category","embeddable":true,"href":"https:\/\/www.jdx.info\/lutte\/wp-json\/wp\/v2\/categories?post=51692"},{"taxonomy":"post_tag","embeddable":true,"href":"https:\/\/www.jdx.info\/lutte\/wp-json\/wp\/v2\/tags?post=51692"},{"taxonomy":"author","embeddable":true,"href":"https:\/\/www.jdx.info\/lutte\/wp-json\/wp\/v2\/ppma_author?post=51692"}],"curies":[{"name":"wp","href":"https:\/\/api.w.org\/{rel}","templated":true}]}}