{"id":51651,"date":"2021-05-25T15:26:07","date_gmt":"2021-05-25T15:26:07","guid":{"rendered":"https:\/\/www.jdx.info\/lutte\/?p=51651"},"modified":"2021-05-25T15:26:08","modified_gmt":"2021-05-25T15:26:08","slug":"reaction-en-coulisse-sur-le-retour-des-fans-a-la-wwe-la-wwe-fusionne-et-coupe","status":"publish","type":"post","link":"https:\/\/www.jdx.info\/lutte\/2021\/05\/25\/reaction-en-coulisse-sur-le-retour-des-fans-a-la-wwe-la-wwe-fusionne-et-coupe\/","title":{"rendered":"R\u00e9action en Coulisse sur le Retour des Fans \u00e0 la WWE! La WWE Fusionne et Coupe!"},"content":{"rendered":"\n<p>Aujourd&rsquo;hui  le d\u00e9part d&rsquo;Adnan Virk, commentateur de RAW, et du vice-pr\u00e9sident Jaylar Donlan de la WWE, ont \u00e9t\u00e9 annonc\u00e9. Une vague de lib\u00e9ration depuis deux semaines qui se poursuit donc. <\/p>\n\n\n\n<p>La WWE avait \u00e9galement proc\u00e9d\u00e9 \u00e0 une vague de coupures dans ses catcheurs et au si\u00e8ge social en avril 2020 et une seconde fois en avril 2021, et comme pas mal \u00e0 tous les ans aux alentour du plus gros show de l&rsquo;ann\u00e9e. Et aujourd&rsquo;hui de nouvelles coupures ont lieu au si\u00e8ge social de la WWE.<\/p>\n\n\n\n<p>Le PWInsider nous explique que la compagnie a pris la d\u00e9cision de fusionner beaucoup de d\u00e9partements. Le principal exemple touch\u00e9 aujourd&rsquo;hui est celui des graphistes de la WWE. La compagnie avait un groupe pour les graphiques des shows TV et un second pour les shows et images sur le web, mais ses deux divisions seront fusionn\u00e9es. Ce qui fait qu&rsquo;un certain groupe d&#8217;employ\u00e9s vont perdre leur emploi comme un seul groupe va s&rsquo;occuper des deux d\u00e9partements.<\/p>\n\n\n\n<p>Le nouveau responsable du d\u00e9partement sera Kevin Dunn selon le PWInsider, lui qui s&rsquo;occupe aussi de la production TV. Il prendra la place de Brian Pellegatto qui occupait le r\u00f4le de g\u00e9rer les deux d\u00e9partements depuis 2015.<\/p>\n\n\n\n<p>On apprend que la WWE a r\u00e9alis\u00e9 avec la pand\u00e9mie qu&rsquo;elle peut travailler sans probl\u00e8me avec ses effectifs r\u00e9duits et pour cette raison des d\u00e9partements seront fusionn\u00e9s. Par contre cette d\u00e9cision fait beaucoup de surpris selon leur source. Les gens renvoy\u00e9s et aussi ceux qui sont toujours en poste sont surpris. Les employ\u00e9s restant se retrouvent avec plus de responsabilit\u00e9s et de t\u00e2ches, ce qui a surpris beaucoup d&rsquo;entre eux.<\/p>\n\n\n\n<center><p><script async=\"\" src=\"https:\/\/pagead2.googlesyndication.com\/pagead\/js\/adsbygoogle.js\"><\/script>\n<ins class=\"adsbygoogle\" style=\"display:block; text-align:center;\" data-ad-layout=\"in-article\" data-ad-format=\"fluid\" data-ad-client=\"ca-pub-1986975368136072\" data-ad-slot=\"7818521013\"><\/ins>\n<script>\n     (adsbygoogle = window.adsbygoogle || []).push({});\n<\/script><\/p><\/center>\n\n\n\n\n<p>&#8211; Comme vous avez plus le remarquer, la WWE pr\u00e9sente de nombreuses vid\u00e9os pour annoncer le retour des fans avec des Superstars qui en font la pr\u00e9sentation. <\/p>\n\n\n\n<p>Nos sources nous apprennent que la majorit\u00e9 des talents en coulisse se disent heureux de reprendre la route et retrouver les fans pour le mois de juillet. Un retour o\u00f9 plusieurs catcheurs et catcheuses esp\u00e8re retrouver une augmentation au niveau des ventes de t-shirts que font les fans dans la salle avant un show.<\/p>\n\n\n\n<p>Certaines Superstars se disent aussi attentive face au lancement de la vente des billets. \u00c7a va faire plus d&rsquo;un an que la WWE n&rsquo;a pas fait une tourn\u00e9e aux \u00c9tats-Unis, est-ce que les fans seront toujours au rendez-vous? Si on en croit les autres sports comme le Baseball, Soccer MLS (foot), Baseball et Basket-ball, ce ne devrait pas \u00eatres un probl\u00e8mes pour la WWE mais le temps va nous le dire.<\/p>\n\n\n\n<p>Ce sera donc une premi\u00e8re tourn\u00e9e dans 25 villes aux \u00c9tats-Unis qui va commencer le 16 juillet 2021 et se terminer le 6 septembre 2021. Nous aurons les dates de cette tourn\u00e9e compl\u00e8te tr\u00e8s bient\u00f4t.<\/p>\n<p><\/p>","protected":false},"excerpt":{"rendered":"<p>Aujourd&rsquo;hui le d\u00e9part d&rsquo;Adnan Virk, commentateur de RAW, et du vice-pr\u00e9sident Jaylar Donlan de la WWE, ont \u00e9t\u00e9 annonc\u00e9. Une vague de lib\u00e9ration depuis deux semaines qui se poursuit donc. La WWE avait \u00e9galement proc\u00e9d\u00e9 \u00e0 une vague de coupures dans ses catcheurs et au si\u00e8ge social en avril 2020 et une seconde fois en&#8230;<\/p>\n","protected":false},"author":609,"featured_media":51652,"comment_status":"open","ping_status":"closed","sticky":false,"template":"","format":"standard","meta":{"footnotes":""},"categories":[4,23],"tags":[],"ppma_author":[295],"class_list":["post-51651","post","type-post","status-publish","format-standard","has-post-thumbnail","hentry","category-news","category-wwe"],"authors":[{"term_id":295,"user_id":609,"is_guest":0,"slug":"rodrigo","display_name":"Rodrigue Tousignant","avatar_url":"https:\/\/secure.gravatar.com\/avatar\/51fe284bb6dbe8a6b4c2bf998ad658f4a9cd24b7e58f15ec85888070c7340ce6?s=96&d=mm&r=g","0":null,"1":"","2":"","3":"","4":"","5":"","6":"","7":"","8":""}],"_links":{"self":[{"href":"https:\/\/www.jdx.info\/lutte\/wp-json\/wp\/v2\/posts\/51651","targetHints":{"allow":["GET"]}}],"collection":[{"href":"https:\/\/www.jdx.info\/lutte\/wp-json\/wp\/v2\/posts"}],"about":[{"href":"https:\/\/www.jdx.info\/lutte\/wp-json\/wp\/v2\/types\/post"}],"author":[{"embeddable":true,"href":"https:\/\/www.jdx.info\/lutte\/wp-json\/wp\/v2\/users\/609"}],"replies":[{"embeddable":true,"href":"https:\/\/www.jdx.info\/lutte\/wp-json\/wp\/v2\/comments?post=51651"}],"version-history":[{"count":1,"href":"https:\/\/www.jdx.info\/lutte\/wp-json\/wp\/v2\/posts\/51651\/revisions"}],"predecessor-version":[{"id":51653,"href":"https:\/\/www.jdx.info\/lutte\/wp-json\/wp\/v2\/posts\/51651\/revisions\/51653"}],"wp:featuredmedia":[{"embeddable":true,"href":"https:\/\/www.jdx.info\/lutte\/wp-json\/wp\/v2\/media\/51652"}],"wp:attachment":[{"href":"https:\/\/www.jdx.info\/lutte\/wp-json\/wp\/v2\/media?parent=51651"}],"wp:term":[{"taxonomy":"category","embeddable":true,"href":"https:\/\/www.jdx.info\/lutte\/wp-json\/wp\/v2\/categories?post=51651"},{"taxonomy":"post_tag","embeddable":true,"href":"https:\/\/www.jdx.info\/lutte\/wp-json\/wp\/v2\/tags?post=51651"},{"taxonomy":"author","embeddable":true,"href":"https:\/\/www.jdx.info\/lutte\/wp-json\/wp\/v2\/ppma_author?post=51651"}],"curies":[{"name":"wp","href":"https:\/\/api.w.org\/{rel}","templated":true}]}}