{"id":51387,"date":"2021-05-20T15:26:00","date_gmt":"2021-05-20T15:26:00","guid":{"rendered":"http:\/\/www.jdx.info\/lutte\/?p=51387"},"modified":"2021-05-20T17:43:52","modified_gmt":"2021-05-20T17:43:52","slug":"la-vague-de-renvoie-a-nxt-continue-avec-du-lourd","status":"publish","type":"post","link":"https:\/\/www.jdx.info\/lutte\/2021\/05\/20\/la-vague-de-renvoie-a-nxt-continue-avec-du-lourd\/","title":{"rendered":"La Vague de Renvoie \u00e0 NXT Continue Avec Du Lourd!"},"content":{"rendered":"\n<p>Vous \u00eates surement au courant, la WWE a fait un petit m\u00e9nage \u00e0 NXT en d\u00e9but de semaine. Cette fois il semble que ce soit pour une toute autre raison. <\/p>\n\n\n\n<p>Cela fait depuis d\u00e9cembre 2020 que le lutteur n&rsquo;a pas mis un pied sur un ring de la WWE, et il semble qu&rsquo;il n&rsquo;y en aura pas l&rsquo;occasion d&rsquo;en remettre un sit\u00f4t.<\/p>\n\n\n\n<p>Nous avons apprit via plusieurs sources&nbsp;que&nbsp;la WWE a lib\u00e9r\u00e9 Velveteen Dream aujourd&rsquo;hui. La raison de son renvoi n&rsquo;a pas \u00e9t\u00e9 communiqu\u00e9e, mais il pourrait \u00eatre possible que son d\u00e9part soit li\u00e9 aux accusions d&rsquo;inconduite sexuelle faites \u00e0 son encontre lors du mouvement Speaking Out. Nous attendrons la confirmation de la raison officielle. <\/p>\n\n\n\n<p>Notons que Velveteen Dream a une clause de 90 jours qui l&rsquo;interdit d&rsquo;appara\u00eetre dans une autre compagnie.<\/p>\n\n\n\n<p>La venue du Dream dans les coulisses de RAW&nbsp;derni\u00e8rement n&rsquo;\u00e9tait visiblement pas une bonne nouvelle pour lui. La jeune Superstar de 25 ans n&rsquo;a toujours pas r\u00e9agi \u00e0 cette nouvelle. La WWE quant \u00e0 elle n&rsquo;a pas encore fait d&rsquo;annonce publique.<\/p>\n<p><\/p>","protected":false},"excerpt":{"rendered":"<p>Vous \u00eates surement au courant, la WWE a fait un petit m\u00e9nage \u00e0 NXT en d\u00e9but de semaine. Cette fois il semble que ce soit pour une toute autre raison. Cela fait depuis d\u00e9cembre 2020 que le lutteur n&rsquo;a pas mis un pied sur un ring de la WWE, et il semble qu&rsquo;il n&rsquo;y en&#8230;<\/p>\n","protected":false},"author":2,"featured_media":51388,"comment_status":"open","ping_status":"closed","sticky":false,"template":"","format":"standard","meta":{"footnotes":""},"categories":[4],"tags":[],"ppma_author":[287],"class_list":["post-51387","post","type-post","status-publish","format-standard","has-post-thumbnail","hentry","category-news"],"authors":[{"term_id":287,"user_id":2,"is_guest":0,"slug":"jason","display_name":"Jason Desc\u00f4teaux","avatar_url":"https:\/\/secure.gravatar.com\/avatar\/f64adf6d13198c3a532c061cecd8672089a1e9a3d07c702dffe886a7e55a15eb?s=96&d=mm&r=g","0":null,"1":"","2":"","3":"","4":"","5":"","6":"","7":"","8":""}],"_links":{"self":[{"href":"https:\/\/www.jdx.info\/lutte\/wp-json\/wp\/v2\/posts\/51387","targetHints":{"allow":["GET"]}}],"collection":[{"href":"https:\/\/www.jdx.info\/lutte\/wp-json\/wp\/v2\/posts"}],"about":[{"href":"https:\/\/www.jdx.info\/lutte\/wp-json\/wp\/v2\/types\/post"}],"author":[{"embeddable":true,"href":"https:\/\/www.jdx.info\/lutte\/wp-json\/wp\/v2\/users\/2"}],"replies":[{"embeddable":true,"href":"https:\/\/www.jdx.info\/lutte\/wp-json\/wp\/v2\/comments?post=51387"}],"version-history":[{"count":2,"href":"https:\/\/www.jdx.info\/lutte\/wp-json\/wp\/v2\/posts\/51387\/revisions"}],"predecessor-version":[{"id":51396,"href":"https:\/\/www.jdx.info\/lutte\/wp-json\/wp\/v2\/posts\/51387\/revisions\/51396"}],"wp:featuredmedia":[{"embeddable":true,"href":"https:\/\/www.jdx.info\/lutte\/wp-json\/wp\/v2\/media\/51388"}],"wp:attachment":[{"href":"https:\/\/www.jdx.info\/lutte\/wp-json\/wp\/v2\/media?parent=51387"}],"wp:term":[{"taxonomy":"category","embeddable":true,"href":"https:\/\/www.jdx.info\/lutte\/wp-json\/wp\/v2\/categories?post=51387"},{"taxonomy":"post_tag","embeddable":true,"href":"https:\/\/www.jdx.info\/lutte\/wp-json\/wp\/v2\/tags?post=51387"},{"taxonomy":"author","embeddable":true,"href":"https:\/\/www.jdx.info\/lutte\/wp-json\/wp\/v2\/ppma_author?post=51387"}],"curies":[{"name":"wp","href":"https:\/\/api.w.org\/{rel}","templated":true}]}}