{"id":5040,"date":"2019-06-18T18:20:42","date_gmt":"2019-06-18T22:20:42","guid":{"rendered":"http:\/\/www.jdx.info\/lutte\/?p=5040"},"modified":"2019-06-18T18:27:19","modified_gmt":"2019-06-18T22:27:19","slug":"stone-cold-steve-austin-et-jon-moxley-sur-la-mauvaise-voie","status":"publish","type":"post","link":"https:\/\/www.jdx.info\/lutte\/2019\/06\/18\/stone-cold-steve-austin-et-jon-moxley-sur-la-mauvaise-voie\/","title":{"rendered":"Stone Cold Steve Austin et Jon Moxley sur la Mauvaise Voie!"},"content":{"rendered":"\n<p> Le WWE Hall of Famer, Stone Cold Steve Austin, s&rsquo;est entretenue avec Tony Khan sur son dernier podcast dans lequel le Rattlesnake a bri\u00e8vement \u00e9voqu\u00e9 son interview du WWE Network avec Jon Moxley alors Dean Ambrose en 2016. Austin explique qu&rsquo;ils n&rsquo;ont jamais r\u00e9ussi \u00e0 se mettre sur la bonne voie qu&rsquo;il se sentait mal \u00e0 quel point c&rsquo;\u00e9tait rude. Un vrai flop que vous pouvez revoir sur le WWE Network, ou ici m\u00eame sur Info-Lutte en <a href=\"https:\/\/www.jdx.info\/lutte\/2019\/06\/18\/full-wwe-dean-ambrose-jon-moxley-stone-cold-podcast-2016\/\">cliquant ici<\/a>.<\/p>\n\n\n\n<p>\u00a0\u00a0\u00a0<em>\u00ab\u00a0Pour une raison quelconque, nous nous sommes tromp\u00e9s de chemin. C&rsquo;\u00e9tait un podcast approximatif. Je porte environ 1000 livres sur mon dos depuis que cela s&rsquo;est produit. Je me sentais tellement mal \u00e0 propos de cette interview et je menais celle-ci. Je prends la faute parce que je suis l\u00e0 pour convaincre les gens de s\u2019en sortir comme un million de dollars. Nous sommes juste sortis dans la mauvaise rue et avons continu\u00e9 \u00e0 prendre des virages \u00e0 gauche et nous n\u2019avons jamais repris la bonne voie, eh bien nous n\u2019avons jamais \u00e9t\u00e9 sur la bonne voie. Il avait ses raisons et moi les miennes.\u00a0\u00bb<\/em><\/p>\n\n\n\n<p>Austin aurait \u00e9galement pr\u00e9cis\u00e9 qu&rsquo;il avait rempli ses obligations envers la WWE \u00e0 ce moment-l\u00e0 et que son \u00e9mission n&rsquo;avait pas \u00e9t\u00e9 annul\u00e9e \u00e0 cause du podcast.<\/p>\n\n\n\n<p> \u00a0\u00a0 \u00ab\u00a0<em>Pendant tout ce temps, j&rsquo;avais envie de parler de cette interview. Les gens ont dit que le podcast Stone Cold avait \u00e9t\u00e9 annul\u00e9 \u00e0 cause de la gravit\u00e9 de cette interview. Non, j\u2019ai rempli mon engagement, c\u2019est pourquoi le podcast s\u2019est arr\u00eat\u00e9 \u00ab\u00a0<\/em><\/p>\n\n\n\n<p>Il sera int\u00e9ressant de savoir si Austin pourra avoir Jon Moxley sur son Podcast maintenant qu&rsquo;il n&rsquo;est plus \u00e0 la WWE.  Vous pouvez \u00e9couter le dernier Podcast de Stone Cold en <a href=\"https:\/\/www.podcastone.com\/Steve-Austin-Show\" target=\"316\" rel=\"noopener noreferrer\">cliquant ici<\/a>, ou regarder celui de 2016 avec Dean Ambrose en <a href=\"https:\/\/www.jdx.info\/lutte\/2019\/06\/18\/full-wwe-dean-ambrose-jon-moxley-stone-cold-podcast-2016\/\">cliquant ici<\/a>.<\/p>\n\n\n\n<center><p><script async=\"\" src=\"\/\/pagead2.googlesyndication.com\/pagead\/js\/adsbygoogle.js\"><\/script>\n<!-- test -->\n<ins class=\"adsbygoogle\" style=\"display:block\" data-ad-client=\"ca-pub-1986975368136072\" data-ad-slot=\"6234943898\" data-ad-format=\"auto\" data-full-width-responsive=\"true\"><\/ins>\n<script>\n(adsbygoogle = window.adsbygoogle || []).push({});\n<\/script>\t<\/p>\n\n<p>Vous pouvez me suivre et m&rsquo;ajouter personnellement sur Facebook en <a href=\"https:\/\/www.facebook.com\/JasonDarkCashDescoteaux\/\" target=\"sociaux\" rel=\"noopener noreferrer\">cliquant ici<\/a>. Et merci de suivre Info-Lutte via <a href=\"https:\/\/www.facebook.com\/InfoLuttenet\/\" target=\"sociaux\" rel=\"noopener noreferrer\">Facebook <\/a>ou <a href=\"https:\/\/twitter.com\/InfoLutte\" target=\"sociaux\" rel=\"noopener noreferrer\">Twitter<\/a>, et de visiter tout ce qui a autour du site pour nous aider \u00e0 vous en offrir toujours plus.<\/p>\n<p><\/p>","protected":false},"excerpt":{"rendered":"<p>Le WWE Hall of Famer, Stone Cold Steve Austin, s&rsquo;est entretenue avec Tony Khan sur son dernier podcast dans lequel le Rattlesnake a bri\u00e8vement \u00e9voqu\u00e9 son interview du WWE Network avec Jon Moxley alors Dean Ambrose en 2016. Austin explique qu&rsquo;ils n&rsquo;ont jamais r\u00e9ussi \u00e0 se mettre sur la bonne voie qu&rsquo;il se sentait mal&#8230;<\/p>\n","protected":false},"author":2,"featured_media":5044,"comment_status":"open","ping_status":"closed","sticky":false,"template":"","format":"standard","meta":{"footnotes":""},"categories":[22,4],"tags":[],"ppma_author":[287],"class_list":["post-5040","post","type-post","status-publish","format-standard","has-post-thumbnail","hentry","category-indy","category-news"],"authors":[{"term_id":287,"user_id":2,"is_guest":0,"slug":"jason","display_name":"Jason Desc\u00f4teaux","avatar_url":"https:\/\/secure.gravatar.com\/avatar\/f64adf6d13198c3a532c061cecd8672089a1e9a3d07c702dffe886a7e55a15eb?s=96&d=mm&r=g","0":null,"1":"","2":"","3":"","4":"","5":"","6":"","7":"","8":""}],"_links":{"self":[{"href":"https:\/\/www.jdx.info\/lutte\/wp-json\/wp\/v2\/posts\/5040","targetHints":{"allow":["GET"]}}],"collection":[{"href":"https:\/\/www.jdx.info\/lutte\/wp-json\/wp\/v2\/posts"}],"about":[{"href":"https:\/\/www.jdx.info\/lutte\/wp-json\/wp\/v2\/types\/post"}],"author":[{"embeddable":true,"href":"https:\/\/www.jdx.info\/lutte\/wp-json\/wp\/v2\/users\/2"}],"replies":[{"embeddable":true,"href":"https:\/\/www.jdx.info\/lutte\/wp-json\/wp\/v2\/comments?post=5040"}],"version-history":[{"count":3,"href":"https:\/\/www.jdx.info\/lutte\/wp-json\/wp\/v2\/posts\/5040\/revisions"}],"predecessor-version":[{"id":5157,"href":"https:\/\/www.jdx.info\/lutte\/wp-json\/wp\/v2\/posts\/5040\/revisions\/5157"}],"wp:featuredmedia":[{"embeddable":true,"href":"https:\/\/www.jdx.info\/lutte\/wp-json\/wp\/v2\/media\/5044"}],"wp:attachment":[{"href":"https:\/\/www.jdx.info\/lutte\/wp-json\/wp\/v2\/media?parent=5040"}],"wp:term":[{"taxonomy":"category","embeddable":true,"href":"https:\/\/www.jdx.info\/lutte\/wp-json\/wp\/v2\/categories?post=5040"},{"taxonomy":"post_tag","embeddable":true,"href":"https:\/\/www.jdx.info\/lutte\/wp-json\/wp\/v2\/tags?post=5040"},{"taxonomy":"author","embeddable":true,"href":"https:\/\/www.jdx.info\/lutte\/wp-json\/wp\/v2\/ppma_author?post=5040"}],"curies":[{"name":"wp","href":"https:\/\/api.w.org\/{rel}","templated":true}]}}