{"id":49738,"date":"2021-04-21T12:29:13","date_gmt":"2021-04-21T12:29:13","guid":{"rendered":"http:\/\/www.jdx.info\/lutte\/?p=49738"},"modified":"2021-04-21T12:29:14","modified_gmt":"2021-04-21T12:29:14","slug":"une-autre-vague-de-covid-a-la-wwe","status":"publish","type":"post","link":"https:\/\/www.jdx.info\/lutte\/2021\/04\/21\/une-autre-vague-de-covid-a-la-wwe\/","title":{"rendered":"Une Autre Vague de Covid \u00e0 la WWE!"},"content":{"rendered":"\n<p>L&rsquo;\u00e9pisode de RAW diffus\u00e9\u00a0ce lundi 19 avril\u00a0n&rsquo;a pas \u00e9t\u00e9 une promenade de sant\u00e9 pour les officiels de la WWE. Un match et un retour ont \u00e9t\u00e9 retir\u00e9s du programme au dernier moment car\u00a0Vince McMahon serait arriv\u00e9 en retard\u00a0au moment de pr\u00e9parer le show. <\/p>\n\n\n\n<p>Des d\u00e9cisions importantes auraient donc \u00e9t\u00e9 prises sans lui. Mais ce n&rsquo;est peut-\u00eatre pas le seul souci qui a touch\u00e9 l&rsquo;\u00e9v\u00e9nement cette semaine.<\/p>\n\n\n\n<p>Si nous en croyons les propos de Bryan Alvarez,\u00a0une nouvelle vague de Covid-19 pourrait \u00eatre la cause de ces d\u00e9sagr\u00e9ments. Il fait remarqu\u00e9 que de nombreux talents \u00e9taient absents cette semaine (AJ Style, Omos, Bobby Lashley, Bray Wyatt) et que ce sont presque les m\u00eames superstars qui \u00e9taient pr\u00e9sentes sur le ring ce lundi par rapport \u00e0 la semaine derni\u00e8re.\u00a0<\/p>\n\n\n\n<p>De son c\u00f4t\u00e9, Dave Meltzer affirme cat\u00e9goriquement que la WWE a \u00e9t\u00e9 touch\u00e9e par des contaminations. M\u00eame si d&rsquo;apr\u00e8s lui, la compagnie ne dira pas qui sont ceux touch\u00e9s par le virus. <\/p>\n\n\n\n<p>Esp\u00e9rons que tous ce beau monde se r\u00e9tabliront bient\u00f4t. <\/p>\n<p><\/p>","protected":false},"excerpt":{"rendered":"<p>L&rsquo;\u00e9pisode de RAW diffus\u00e9\u00a0ce lundi 19 avril\u00a0n&rsquo;a pas \u00e9t\u00e9 une promenade de sant\u00e9 pour les officiels de la WWE. Un match et un retour ont \u00e9t\u00e9 retir\u00e9s du programme au dernier moment car\u00a0Vince McMahon serait arriv\u00e9 en retard\u00a0au moment de pr\u00e9parer le show. Des d\u00e9cisions importantes auraient donc \u00e9t\u00e9 prises sans lui. Mais ce n&rsquo;est&#8230;<\/p>\n","protected":false},"author":4,"featured_media":49741,"comment_status":"open","ping_status":"closed","sticky":false,"template":"","format":"standard","meta":{"footnotes":""},"categories":[4,43,23],"tags":[],"ppma_author":[292],"class_list":["post-49738","post","type-post","status-publish","format-standard","has-post-thumbnail","hentry","category-news","category-raw-wwe","category-wwe"],"authors":[{"term_id":292,"user_id":4,"is_guest":0,"slug":"jean","display_name":"Jean Vinnier","avatar_url":"https:\/\/secure.gravatar.com\/avatar\/33aba0263fd870a0b487e0e079ff407e10e3997c9d2987cbcc0db0db2c5c75a9?s=96&d=mm&r=g","0":null,"1":"","2":"","3":"","4":"","5":"","6":"","7":"","8":""}],"_links":{"self":[{"href":"https:\/\/www.jdx.info\/lutte\/wp-json\/wp\/v2\/posts\/49738","targetHints":{"allow":["GET"]}}],"collection":[{"href":"https:\/\/www.jdx.info\/lutte\/wp-json\/wp\/v2\/posts"}],"about":[{"href":"https:\/\/www.jdx.info\/lutte\/wp-json\/wp\/v2\/types\/post"}],"author":[{"embeddable":true,"href":"https:\/\/www.jdx.info\/lutte\/wp-json\/wp\/v2\/users\/4"}],"replies":[{"embeddable":true,"href":"https:\/\/www.jdx.info\/lutte\/wp-json\/wp\/v2\/comments?post=49738"}],"version-history":[{"count":1,"href":"https:\/\/www.jdx.info\/lutte\/wp-json\/wp\/v2\/posts\/49738\/revisions"}],"predecessor-version":[{"id":49742,"href":"https:\/\/www.jdx.info\/lutte\/wp-json\/wp\/v2\/posts\/49738\/revisions\/49742"}],"wp:featuredmedia":[{"embeddable":true,"href":"https:\/\/www.jdx.info\/lutte\/wp-json\/wp\/v2\/media\/49741"}],"wp:attachment":[{"href":"https:\/\/www.jdx.info\/lutte\/wp-json\/wp\/v2\/media?parent=49738"}],"wp:term":[{"taxonomy":"category","embeddable":true,"href":"https:\/\/www.jdx.info\/lutte\/wp-json\/wp\/v2\/categories?post=49738"},{"taxonomy":"post_tag","embeddable":true,"href":"https:\/\/www.jdx.info\/lutte\/wp-json\/wp\/v2\/tags?post=49738"},{"taxonomy":"author","embeddable":true,"href":"https:\/\/www.jdx.info\/lutte\/wp-json\/wp\/v2\/ppma_author?post=49738"}],"curies":[{"name":"wp","href":"https:\/\/api.w.org\/{rel}","templated":true}]}}