{"id":48155,"date":"2021-03-27T15:52:13","date_gmt":"2021-03-27T15:52:13","guid":{"rendered":"https:\/\/www.jdx.info\/lutte\/?p=48155"},"modified":"2021-03-27T15:52:16","modified_gmt":"2021-03-27T15:52:16","slug":"lapparence-dedge-serait-un-probleme-pour-le-match-wrestlemania-37","status":"publish","type":"post","link":"https:\/\/www.jdx.info\/lutte\/2021\/03\/27\/lapparence-dedge-serait-un-probleme-pour-le-match-wrestlemania-37\/","title":{"rendered":"L&rsquo;apparence d&rsquo;Edge serait un probl\u00e8me pour le match WrestleMania 37!"},"content":{"rendered":"\n<p>L&rsquo;apparition du WWE Hall of Famer Edge a peut-\u00eatre jou\u00e9 un r\u00f4le dans le changement des plans de WrestleMania 37 par la WWE.<\/p>\n\n\n\n<p>Comme indiqu\u00e9, la WWE aurait pr\u00e9vu d&rsquo;ajouter Daniel Bryan au match WrestleMania 37 entre Edge et le champion universel de la WWE Roman Reigns.\u00a0C&rsquo;est pourquoi Edge a tourn\u00e9 Heel lors de l&rsquo;\u00e9v\u00e9nement principal de la WWE Fastlane de dimanche, qui a vu Reigns conserver le titre sur Bryan.<\/p>\n\n\n\n<p>Dans une mise \u00e0 jour, une source proche de la situation a not\u00e9 que la question de l&rsquo;\u00e2ge d&rsquo;Edge, non pas tant le nombre mais l&rsquo;apparence de son \u00e2ge, \u00e9tait un point pr\u00e9occupant qui a conduit le PDG de la WWE Vince McMahon \u00e0 prendre la d\u00e9cision changer le match, selon le Wrestling Observer Newsletter.<\/p>\n\n\n\n<p>La source a not\u00e9 que Edge, 47 ans, \u00abavait l&rsquo;air plus vieux chaque semaine\u00bb sur WWE TV depuis son retour en janvier.<\/p>\n\n\n\n<p>Cependant, malgr\u00e9 le probl\u00e8me signal\u00e9 de l&rsquo;apparence d&rsquo;Edge, il a \u00e9t\u00e9 dit que le match \u00e9tait en train d&rsquo;\u00eatre chang\u00e9 parce que Vince voulait juste faire bouger les plans.<\/p>\n\n\n\n<p>Vince aurait voulu qu&rsquo;un certain nombre de plans de WrestleMania soient modifi\u00e9s, y compris Edge vs Reigns.&nbsp;Comme indiqu\u00e9 pr\u00e9c\u00e9demment, plusieurs suggestions ont \u00e9t\u00e9 faites par de nombreuses personnes, mais la plupart ont \u00e9t\u00e9 consid\u00e9r\u00e9es comme de mauvaises id\u00e9es.&nbsp;La seule id\u00e9e finalement greenlit, que tout le monde a accept\u00e9e, \u00e9tait que Bryan \u00e9tait ajout\u00e9 au tapis.&nbsp;Le sentiment \u00e9tait alors que Bryan serait le babyface.<\/p>\n\n\n\n<p>Le match pour le titre universel de la WWE devrait faire la une de la deuxi\u00e8me nuit de WrestleMania 37.<\/p>\n\n\n\n<p>Restez \u00e0 l&rsquo;aff\u00fbt des mises \u00e0 jour.<\/p>\n<p><\/p>","protected":false},"excerpt":{"rendered":"<p>L&rsquo;apparition du WWE Hall of Famer Edge a peut-\u00eatre jou\u00e9 un r\u00f4le dans le changement des plans de WrestleMania 37 par la WWE. Comme indiqu\u00e9, la WWE aurait pr\u00e9vu d&rsquo;ajouter Daniel Bryan au match WrestleMania 37 entre Edge et le champion universel de la WWE Roman Reigns.\u00a0C&rsquo;est pourquoi Edge a tourn\u00e9 Heel lors de l&rsquo;\u00e9v\u00e9nement&#8230;<\/p>\n","protected":false},"author":665,"featured_media":48193,"comment_status":"open","ping_status":"closed","sticky":false,"template":"","format":"standard","meta":{"footnotes":""},"categories":[4,1,42,23],"tags":[],"ppma_author":[289],"class_list":["post-48155","post","type-post","status-publish","format-standard","has-post-thumbnail","hentry","category-news","category-uncategorized","category-wrestlemania","category-wwe"],"authors":[{"term_id":289,"user_id":665,"is_guest":0,"slug":"line","display_name":"Line Edmond","avatar_url":"https:\/\/secure.gravatar.com\/avatar\/852de09636413c90cdaa278312f9ea5bc4396768745424755cb63d99a05989d0?s=96&d=mm&r=g","0":null,"1":"","2":"","3":"","4":"","5":"","6":"","7":"","8":""}],"_links":{"self":[{"href":"https:\/\/www.jdx.info\/lutte\/wp-json\/wp\/v2\/posts\/48155","targetHints":{"allow":["GET"]}}],"collection":[{"href":"https:\/\/www.jdx.info\/lutte\/wp-json\/wp\/v2\/posts"}],"about":[{"href":"https:\/\/www.jdx.info\/lutte\/wp-json\/wp\/v2\/types\/post"}],"author":[{"embeddable":true,"href":"https:\/\/www.jdx.info\/lutte\/wp-json\/wp\/v2\/users\/665"}],"replies":[{"embeddable":true,"href":"https:\/\/www.jdx.info\/lutte\/wp-json\/wp\/v2\/comments?post=48155"}],"version-history":[{"count":2,"href":"https:\/\/www.jdx.info\/lutte\/wp-json\/wp\/v2\/posts\/48155\/revisions"}],"predecessor-version":[{"id":48194,"href":"https:\/\/www.jdx.info\/lutte\/wp-json\/wp\/v2\/posts\/48155\/revisions\/48194"}],"wp:featuredmedia":[{"embeddable":true,"href":"https:\/\/www.jdx.info\/lutte\/wp-json\/wp\/v2\/media\/48193"}],"wp:attachment":[{"href":"https:\/\/www.jdx.info\/lutte\/wp-json\/wp\/v2\/media?parent=48155"}],"wp:term":[{"taxonomy":"category","embeddable":true,"href":"https:\/\/www.jdx.info\/lutte\/wp-json\/wp\/v2\/categories?post=48155"},{"taxonomy":"post_tag","embeddable":true,"href":"https:\/\/www.jdx.info\/lutte\/wp-json\/wp\/v2\/tags?post=48155"},{"taxonomy":"author","embeddable":true,"href":"https:\/\/www.jdx.info\/lutte\/wp-json\/wp\/v2\/ppma_author?post=48155"}],"curies":[{"name":"wp","href":"https:\/\/api.w.org\/{rel}","templated":true}]}}