{"id":47883,"date":"2021-03-22T00:28:47","date_gmt":"2021-03-22T00:28:47","guid":{"rendered":"http:\/\/www.jdx.info\/lutte\/?p=47883"},"modified":"2021-03-22T00:31:28","modified_gmt":"2021-03-22T00:31:28","slug":"andrade-exauce-par-la-wwe-et-recoit-sa-liberation-de-contrat","status":"publish","type":"post","link":"https:\/\/www.jdx.info\/lutte\/2021\/03\/22\/andrade-exauce-par-la-wwe-et-recoit-sa-liberation-de-contrat\/","title":{"rendered":"Andrade Exauc\u00e9 Par la WWE et Re\u00e7oit sa Lib\u00e9ration de Contrat!"},"content":{"rendered":"\n<p>Comme vous le savez, cela faisait plusieurs semaines que le sort d\u2019Andrade \u00e9tait au coeur de toutes les discussions. Tandis que son absence sur les rings de la compagnie des McMahon \u00e9tait de plus en plus dans les rumeurs de lib\u00e9ration de contrat.<\/p>\n\n\n\n<p>Dans un tweet il y a quelques jours,\u00a0le conjoint de Charlotte Flair avait indiqu\u00e9 que les rumeurs \u00e9taient vraies. Plus t\u00f4t dans la soir\u00e9e, quelques minutes apr\u00e8s le d\u00e9but de\u00a0Fastlane, Andrade a repris la parole sur son compte Twitter.<\/p>\n\n\n\n<center><blockquote class=\"twitter-tweet\"><p lang=\"en\" dir=\"ltr\">Good news!!!! Buenas noticias!!! <a href=\"https:\/\/twitter.com\/hashtag\/Tranquilo?src=hash&amp;ref_src=twsrc%5Etfw\">#Tranquilo<\/a> <a href=\"https:\/\/twitter.com\/hashtag\/Happy?src=hash&amp;ref_src=twsrc%5Etfw\">#Happy<\/a><\/p>&mdash; \u201cEL IDOLO\u201d ANDRADE (@AndradeElIdolo) <a href=\"https:\/\/twitter.com\/AndradeElIdolo\/status\/1373779015773921286?ref_src=twsrc%5Etfw\">March 21, 2021<\/a><\/blockquote> <script async src=\"https:\/\/platform.twitter.com\/widgets.js\" charset=\"utf-8\"><\/script><\/center>\n\n<center><p><script async=\"\" src=\"https:\/\/pagead2.googlesyndication.com\/pagead\/js\/adsbygoogle.js\"><\/script>\n<ins class=\"adsbygoogle\" style=\"display:block; text-align:center;\" data-ad-layout=\"in-article\" data-ad-format=\"fluid\" data-ad-client=\"ca-pub-1986975368136072\" data-ad-slot=\"7818521013\"><\/ins>\n<script>\n     (adsbygoogle = window.adsbygoogle || []).push({});\n<\/script><\/p><\/center>\n\n\n\n\n<p>Dans un message myst\u00e9rieux, il apparaissait heureux d\u2019une nouvelle imminente. Il a fallu attendre le milieu de la nuit pour avoir la confirmation de la WWE.<\/p>\n\n\n\n<p>C&rsquo;est dans un communiqu\u00e9 sur son site officiel que la f\u00e9d\u00e9ration de Stamford a indiqu\u00e9 qu\u2019ils avaient trouv\u00e9 un accord pour rompre le contrat qui les liait. Il est maintenant libre de toutes obligations, mais devra quand m\u00eame observer une clause de non-concurrence de 90 jours avant de signer \u00e9ventuellement ailleurs.<\/p>\n\n\n\n<p>Revenez nous en fin de journ\u00e9e pour plus de d\u00e9tails concernant ce dossier.<\/p>\n<p><\/p>","protected":false},"excerpt":{"rendered":"<p>Comme vous le savez, cela faisait plusieurs semaines que le sort d\u2019Andrade \u00e9tait au coeur de toutes les discussions. Tandis que son absence sur les rings de la compagnie des McMahon \u00e9tait de plus en plus dans les rumeurs de lib\u00e9ration de contrat. Dans un tweet il y a quelques jours,\u00a0le conjoint de Charlotte Flair&#8230;<\/p>\n","protected":false},"author":4,"featured_media":47884,"comment_status":"open","ping_status":"closed","sticky":false,"template":"","format":"standard","meta":{"footnotes":""},"categories":[4,23],"tags":[],"ppma_author":[292],"class_list":["post-47883","post","type-post","status-publish","format-standard","has-post-thumbnail","hentry","category-news","category-wwe"],"authors":[{"term_id":292,"user_id":4,"is_guest":0,"slug":"jean","display_name":"Jean Vinnier","avatar_url":"https:\/\/secure.gravatar.com\/avatar\/33aba0263fd870a0b487e0e079ff407e10e3997c9d2987cbcc0db0db2c5c75a9?s=96&d=mm&r=g","0":null,"1":"","2":"","3":"","4":"","5":"","6":"","7":"","8":""}],"_links":{"self":[{"href":"https:\/\/www.jdx.info\/lutte\/wp-json\/wp\/v2\/posts\/47883","targetHints":{"allow":["GET"]}}],"collection":[{"href":"https:\/\/www.jdx.info\/lutte\/wp-json\/wp\/v2\/posts"}],"about":[{"href":"https:\/\/www.jdx.info\/lutte\/wp-json\/wp\/v2\/types\/post"}],"author":[{"embeddable":true,"href":"https:\/\/www.jdx.info\/lutte\/wp-json\/wp\/v2\/users\/4"}],"replies":[{"embeddable":true,"href":"https:\/\/www.jdx.info\/lutte\/wp-json\/wp\/v2\/comments?post=47883"}],"version-history":[{"count":2,"href":"https:\/\/www.jdx.info\/lutte\/wp-json\/wp\/v2\/posts\/47883\/revisions"}],"predecessor-version":[{"id":47887,"href":"https:\/\/www.jdx.info\/lutte\/wp-json\/wp\/v2\/posts\/47883\/revisions\/47887"}],"wp:featuredmedia":[{"embeddable":true,"href":"https:\/\/www.jdx.info\/lutte\/wp-json\/wp\/v2\/media\/47884"}],"wp:attachment":[{"href":"https:\/\/www.jdx.info\/lutte\/wp-json\/wp\/v2\/media?parent=47883"}],"wp:term":[{"taxonomy":"category","embeddable":true,"href":"https:\/\/www.jdx.info\/lutte\/wp-json\/wp\/v2\/categories?post=47883"},{"taxonomy":"post_tag","embeddable":true,"href":"https:\/\/www.jdx.info\/lutte\/wp-json\/wp\/v2\/tags?post=47883"},{"taxonomy":"author","embeddable":true,"href":"https:\/\/www.jdx.info\/lutte\/wp-json\/wp\/v2\/ppma_author?post=47883"}],"curies":[{"name":"wp","href":"https:\/\/api.w.org\/{rel}","templated":true}]}}