{"id":47280,"date":"2021-03-13T16:35:28","date_gmt":"2021-03-13T16:35:28","guid":{"rendered":"http:\/\/www.jdx.info\/lutte\/?p=47280"},"modified":"2021-03-13T16:35:29","modified_gmt":"2021-03-13T16:35:29","slug":"andrade-veut-quitter-la-wwe-mais-cette-derniere-dit-non","status":"publish","type":"post","link":"https:\/\/www.jdx.info\/lutte\/2021\/03\/13\/andrade-veut-quitter-la-wwe-mais-cette-derniere-dit-non\/","title":{"rendered":"Andrade Veut Quitter la WWE Mais Cette Derni\u00e8re Dit Non!"},"content":{"rendered":"\n<p>Il semble bien que tout comme son ancien rival de NXT\u00a0Aleister Black mais amis dans la vie,\u00a0Andrade a effectu\u00e9 son dernier match en date en octobre dernier comme vous le savez. Depuis, il n&rsquo;est pas apparu lors des shows et semble \u00eatre lui aussi sur le d\u00e9part.<\/p>\n\n\n\n<p>Apr\u00e8s avoir r\u00e9cemment\u00a0retir\u00e9 les mentions de la WWE\u00a0sur son compte Twitter, on apprend qu&rsquo;Andrade a demand\u00e9 \u00e0 la WWE de la quitter la compagnie. Nos sources nous d\u00e9voilent que l&rsquo;ancien champion des \u00c9tats-Unis a fait sa demande lundi dernier lors de RAW. <\/p>\n\n\n\n<p> La WWE a refus\u00e9 la demande d&rsquo;Andrade \u00e0 en croire Dave Meltzer. <\/p>\n\n\n\n<p>On se souviendra qu&rsquo;Andrade a fait longtemps un duo avec Zelina Vega qui elle a \u00e9t\u00e9 lib\u00e9r\u00e9e et est accessoirement en couple avec Aleister Black qui lui aussi voudrait quitter la compagnie. Ce sera \u00e0 suivre.<\/p>\n<p><\/p>","protected":false},"excerpt":{"rendered":"<p>Il semble bien que tout comme son ancien rival de NXT\u00a0Aleister Black mais amis dans la vie,\u00a0Andrade a effectu\u00e9 son dernier match en date en octobre dernier comme vous le savez. Depuis, il n&rsquo;est pas apparu lors des shows et semble \u00eatre lui aussi sur le d\u00e9part. Apr\u00e8s avoir r\u00e9cemment\u00a0retir\u00e9 les mentions de la WWE\u00a0sur&#8230;<\/p>\n","protected":false},"author":4,"featured_media":47281,"comment_status":"open","ping_status":"closed","sticky":false,"template":"","format":"standard","meta":{"footnotes":""},"categories":[4,23],"tags":[],"ppma_author":[292],"class_list":["post-47280","post","type-post","status-publish","format-standard","has-post-thumbnail","hentry","category-news","category-wwe"],"authors":[{"term_id":292,"user_id":4,"is_guest":0,"slug":"jean","display_name":"Jean Vinnier","avatar_url":"https:\/\/secure.gravatar.com\/avatar\/33aba0263fd870a0b487e0e079ff407e10e3997c9d2987cbcc0db0db2c5c75a9?s=96&d=mm&r=g","0":null,"1":"","2":"","3":"","4":"","5":"","6":"","7":"","8":""}],"_links":{"self":[{"href":"https:\/\/www.jdx.info\/lutte\/wp-json\/wp\/v2\/posts\/47280","targetHints":{"allow":["GET"]}}],"collection":[{"href":"https:\/\/www.jdx.info\/lutte\/wp-json\/wp\/v2\/posts"}],"about":[{"href":"https:\/\/www.jdx.info\/lutte\/wp-json\/wp\/v2\/types\/post"}],"author":[{"embeddable":true,"href":"https:\/\/www.jdx.info\/lutte\/wp-json\/wp\/v2\/users\/4"}],"replies":[{"embeddable":true,"href":"https:\/\/www.jdx.info\/lutte\/wp-json\/wp\/v2\/comments?post=47280"}],"version-history":[{"count":1,"href":"https:\/\/www.jdx.info\/lutte\/wp-json\/wp\/v2\/posts\/47280\/revisions"}],"predecessor-version":[{"id":47282,"href":"https:\/\/www.jdx.info\/lutte\/wp-json\/wp\/v2\/posts\/47280\/revisions\/47282"}],"wp:featuredmedia":[{"embeddable":true,"href":"https:\/\/www.jdx.info\/lutte\/wp-json\/wp\/v2\/media\/47281"}],"wp:attachment":[{"href":"https:\/\/www.jdx.info\/lutte\/wp-json\/wp\/v2\/media?parent=47280"}],"wp:term":[{"taxonomy":"category","embeddable":true,"href":"https:\/\/www.jdx.info\/lutte\/wp-json\/wp\/v2\/categories?post=47280"},{"taxonomy":"post_tag","embeddable":true,"href":"https:\/\/www.jdx.info\/lutte\/wp-json\/wp\/v2\/tags?post=47280"},{"taxonomy":"author","embeddable":true,"href":"https:\/\/www.jdx.info\/lutte\/wp-json\/wp\/v2\/ppma_author?post=47280"}],"curies":[{"name":"wp","href":"https:\/\/api.w.org\/{rel}","templated":true}]}}