{"id":46975,"date":"2021-03-08T17:10:56","date_gmt":"2021-03-08T22:10:56","guid":{"rendered":"http:\/\/www.jdx.info\/lutte\/?p=46975"},"modified":"2021-03-08T17:10:57","modified_gmt":"2021-03-08T22:10:57","slug":"paul-big-show-wight-sur-la-reaction-de-vince-mcmahon-a-sa-signature-avec-la-aew","status":"publish","type":"post","link":"https:\/\/www.jdx.info\/lutte\/2021\/03\/08\/paul-big-show-wight-sur-la-reaction-de-vince-mcmahon-a-sa-signature-avec-la-aew\/","title":{"rendered":"Paul \u00ab\u00a0Big Show\u00a0\u00bb Wight sur la r\u00e9action de Vince McMahon \u00e0 sa signature Avec la AEW!"},"content":{"rendered":"\n<p>Paul Wight alias le Big Show, a r\u00e9v\u00e9l\u00e9 lors de la m\u00eal\u00e9e m\u00e9diatique post-show de Revolution que le PDG de la WWE, Vince McMahon, l&rsquo;avait appel\u00e9 le jour de l&rsquo;annonce de sa signature \u00e0 la AEW.<\/p>\n\n\n\n<p>Il a \u00e9t\u00e9 r\u00e9cemment rapport\u00e9 que Wight avait choisi de signer un contrat pluriannuel avec AEW apr\u00e8s l&rsquo;\u00e9chec des n\u00e9gociations contractuelles avec la WWE.\u00a0Wight a r\u00e9v\u00e9l\u00e9 que McMahon l&rsquo;avait appel\u00e9 le jour de l&rsquo;annonce de la signature de la AEW et qu&rsquo;il n&rsquo;y avait aucune animosit\u00e9 entre les deux parties.\u00a0Wight a d\u00e9clar\u00e9 que Vince lui souhaitait beaucoup de chance et a convenu qu&rsquo;il \u00e9tait un grand atout pour la comp\u00e9tition.<\/p>\n\n\n\n<blockquote class=\"wp-block-quote is-layout-flow wp-block-quote-is-layout-flow\"><p>\u00abVoici le truc, Vince m&rsquo;a appel\u00e9 le jour o\u00f9 il a \u00e9t\u00e9 annonc\u00e9 que j&rsquo;avais sign\u00e9 avec AEW, m&rsquo;a souhait\u00e9 beaucoup de chance, a convenu que je suis un grand atout pour AEW et m&rsquo;a remerci\u00e9 pour toutes les ann\u00e9es o\u00f9 j&rsquo;ai travaill\u00e9 \u00e0 la WWE,\u00bb <\/p><\/blockquote>\n\n\n\n<p>Wight a r\u00e9v\u00e9l\u00e9.\u00a0Il n&rsquo;y a pas d&rsquo;animosit\u00e9, pas de col\u00e8re, pas de salet\u00e9, pour ainsi dire.<\/p>\n\n\n\n<blockquote class=\"wp-block-quote is-layout-flow wp-block-quote-is-layout-flow\"><p>Cela se r\u00e9sumait comme suit: vous savez, \u00e0 des n\u00e9gociations contractuelles et \u00e0 des opportunit\u00e9s.\u00a0Avouons-le, plus de 20 ans \u00e0 la WWE, j&rsquo;ai fait tout ce qu&rsquo;il y avait \u00e0 faire l\u00e0.\u00a0J&rsquo;avais besoin d&rsquo;un nouveau d\u00e9part et pour moi, Vince le comprend et me consid\u00e8re comme un talent et c&rsquo;\u00e9tait une opportunit\u00e9 pour moi de le faire.<\/p><\/blockquote>\n\n\n\n<p>Wight a ajout\u00e9 qu&rsquo;il avait suivi les r\u00e8gles et n&rsquo;avait contact\u00e9 le pr\u00e9sident de la All Elite Wrestling Tony Khan qu&rsquo;apr\u00e8s l&rsquo;expiration de son contrat avec la WWE.\u00a0La AEW a annonc\u00e9 la signature de Wight le 24 f\u00e9vrier, r\u00e9v\u00e9lant qu&rsquo;il travaillera en tant que talent sur le ring et en tant que commentateur de la nouvelle \u00e9mission YouTube \u00abDark: Elevation\u00bb qui sortira le 15 mars, avec Tony Schiavone.\u00a0<\/p>\n\n\n\n<p>Il avait\u00a0\u00e9t\u00e9 rapport\u00e9\u00a0que Wight et la WWE\u00a0n&rsquo;\u00e9taient\u00a0pas\u00a0parvenus \u00e0 s&rsquo;entendre sur les conditions d&rsquo;un nouveau contrat en janvier, quelques jours \u00e0 peine apr\u00e8s son apparition dans l&rsquo;\u00e9pisode RAW Legends Night le 4 janvier.<\/p>\n<p><\/p>","protected":false},"excerpt":{"rendered":"<p>Paul Wight alias le Big Show, a r\u00e9v\u00e9l\u00e9 lors de la m\u00eal\u00e9e m\u00e9diatique post-show de Revolution que le PDG de la WWE, Vince McMahon, l&rsquo;avait appel\u00e9 le jour de l&rsquo;annonce de sa signature \u00e0 la AEW. Il a \u00e9t\u00e9 r\u00e9cemment rapport\u00e9 que Wight avait choisi de signer un contrat pluriannuel avec AEW apr\u00e8s l&rsquo;\u00e9chec des&#8230;<\/p>\n","protected":false},"author":665,"featured_media":46992,"comment_status":"open","ping_status":"closed","sticky":false,"template":"","format":"standard","meta":{"footnotes":""},"categories":[38,4,23],"tags":[],"ppma_author":[289],"class_list":["post-46975","post","type-post","status-publish","format-standard","has-post-thumbnail","hentry","category-aew","category-news","category-wwe"],"authors":[{"term_id":289,"user_id":665,"is_guest":0,"slug":"line","display_name":"Line Edmond","avatar_url":"https:\/\/secure.gravatar.com\/avatar\/852de09636413c90cdaa278312f9ea5bc4396768745424755cb63d99a05989d0?s=96&d=mm&r=g","0":null,"1":"","2":"","3":"","4":"","5":"","6":"","7":"","8":""}],"_links":{"self":[{"href":"https:\/\/www.jdx.info\/lutte\/wp-json\/wp\/v2\/posts\/46975","targetHints":{"allow":["GET"]}}],"collection":[{"href":"https:\/\/www.jdx.info\/lutte\/wp-json\/wp\/v2\/posts"}],"about":[{"href":"https:\/\/www.jdx.info\/lutte\/wp-json\/wp\/v2\/types\/post"}],"author":[{"embeddable":true,"href":"https:\/\/www.jdx.info\/lutte\/wp-json\/wp\/v2\/users\/665"}],"replies":[{"embeddable":true,"href":"https:\/\/www.jdx.info\/lutte\/wp-json\/wp\/v2\/comments?post=46975"}],"version-history":[{"count":2,"href":"https:\/\/www.jdx.info\/lutte\/wp-json\/wp\/v2\/posts\/46975\/revisions"}],"predecessor-version":[{"id":46993,"href":"https:\/\/www.jdx.info\/lutte\/wp-json\/wp\/v2\/posts\/46975\/revisions\/46993"}],"wp:featuredmedia":[{"embeddable":true,"href":"https:\/\/www.jdx.info\/lutte\/wp-json\/wp\/v2\/media\/46992"}],"wp:attachment":[{"href":"https:\/\/www.jdx.info\/lutte\/wp-json\/wp\/v2\/media?parent=46975"}],"wp:term":[{"taxonomy":"category","embeddable":true,"href":"https:\/\/www.jdx.info\/lutte\/wp-json\/wp\/v2\/categories?post=46975"},{"taxonomy":"post_tag","embeddable":true,"href":"https:\/\/www.jdx.info\/lutte\/wp-json\/wp\/v2\/tags?post=46975"},{"taxonomy":"author","embeddable":true,"href":"https:\/\/www.jdx.info\/lutte\/wp-json\/wp\/v2\/ppma_author?post=46975"}],"curies":[{"name":"wp","href":"https:\/\/api.w.org\/{rel}","templated":true}]}}