{"id":46741,"date":"2021-03-05T14:15:31","date_gmt":"2021-03-05T19:15:31","guid":{"rendered":"http:\/\/www.jdx.info\/lutte\/?p=46741"},"modified":"2021-03-05T14:15:33","modified_gmt":"2021-03-05T19:15:33","slug":"mise-a-jour-sur-le-retour-dans-le-ring-wwe-de-jimmy-uso","status":"publish","type":"post","link":"https:\/\/www.jdx.info\/lutte\/2021\/03\/05\/mise-a-jour-sur-le-retour-dans-le-ring-wwe-de-jimmy-uso\/","title":{"rendered":"Mise \u00e0 jour sur le retour dans le ring WWE de Jimmy Uso!"},"content":{"rendered":"\n<p>Jey Uso&nbsp;<a href=\"https:\/\/www.sportskeeda.com\/wwe\/news-update-jimmy-uso-s-wwe-return-exclusive?ref=wwepage\">s&rsquo;est r\u00e9cemment entretenu avec<\/a>&nbsp;Rick Ucchino de Sportskeeda et a comment\u00e9 le retour de son fr\u00e8re, Jimmy Uso.<\/p>\n\n\n\n<blockquote class=\"wp-block-quote is-layout-flow wp-block-quote-is-layout-flow\"><p>\u00abLa seule diff\u00e9rence [en tant que comp\u00e9titeur en simple] est que mon fr\u00e8re ne tient pas cette corde.&nbsp;Il n&rsquo;est pas dans mon coin, vous savez, mais en temps voulu, le p\u00e9nitencier d&rsquo;Uce, Uso ouvrira bient\u00f4t \u00bb, a d\u00e9clar\u00e9 Jey.<\/p><\/blockquote>\n\n\n\n<p>Jey a ensuite fait un autre commentaire sur le retour de son fr\u00e8re lorsqu&rsquo;on lui a demand\u00e9 si les Usos \u00e9taient pr\u00eats \u00e0 unir leurs forces \u00e0 nouveau sur SmackDown dans un proche avenir.<\/p>\n\n\n\n<blockquote class=\"wp-block-quote is-layout-flow wp-block-quote-is-layout-flow\"><p>\u00abH\u00e9, Uce, tu dois juste garder la t\u00eate sur un pivot.&nbsp;Il va \u00eatre l\u00e0, tu sais ce que je dis?&nbsp;Ce n&rsquo;est pas de la parano\u00efa, ce sont les Usos \u00bb, a d\u00e9clar\u00e9 Jey.<\/p><\/blockquote>\n\n\n\n<p>Jimmy est sur le plateau depuis qu&rsquo;il a subi une blessure au genou \u00e0 WrestleMania 36 Night One dans le Triple Threat Ladder Match avec Kofi Kingston puis le champion par \u00e9quipe de SmackDown, John Morrison.&nbsp;Il a \u00e9t\u00e9 initialement rapport\u00e9 que Jimmy devait revenir entre novembre 2020 et janvier 2021 apr\u00e8s avoir subi une chirurgie reconstructive du genou, mais Jey a d\u00e9clar\u00e9 dans une interview de d\u00e9cembre 2020 que son fr\u00e8re \u00e9tait attendu sur le ring en janvier ou f\u00e9vrier 2021.&nbsp;<a href=\"https:\/\/wrestlingheadlines.com\/jimmy-uso-training-for-wwe-return-jey-uso-shows-toe-injury-from-wwe-elimination-chamber\/\" rel=\"noreferrer noopener\" target=\"_blank\">Comme indiqu\u00e9 le<\/a>&nbsp;mois dernier, Jey a r\u00e9v\u00e9l\u00e9 sur Instagram que son fr\u00e8re \u00e9tait de retour \u00e0 l&rsquo;entra\u00eenement au WWE Performance Center.<\/p>\n\n\n\n<p>Restez \u00e0 l&rsquo;\u00e9coute pour plus.<\/p>\n<p><\/p>","protected":false},"excerpt":{"rendered":"<p>Jey Uso&nbsp;s&rsquo;est r\u00e9cemment entretenu avec&nbsp;Rick Ucchino de Sportskeeda et a comment\u00e9 le retour de son fr\u00e8re, Jimmy Uso. \u00abLa seule diff\u00e9rence [en tant que comp\u00e9titeur en simple] est que mon fr\u00e8re ne tient pas cette corde.&nbsp;Il n&rsquo;est pas dans mon coin, vous savez, mais en temps voulu, le p\u00e9nitencier d&rsquo;Uce, Uso ouvrira bient\u00f4t \u00bb, a&#8230;<\/p>\n","protected":false},"author":665,"featured_media":46748,"comment_status":"open","ping_status":"closed","sticky":false,"template":"","format":"standard","meta":{"footnotes":""},"categories":[4,1,23],"tags":[],"ppma_author":[289],"class_list":["post-46741","post","type-post","status-publish","format-standard","has-post-thumbnail","hentry","category-news","category-uncategorized","category-wwe"],"authors":[{"term_id":289,"user_id":665,"is_guest":0,"slug":"line","display_name":"Line Edmond","avatar_url":"https:\/\/secure.gravatar.com\/avatar\/852de09636413c90cdaa278312f9ea5bc4396768745424755cb63d99a05989d0?s=96&d=mm&r=g","0":null,"1":"","2":"","3":"","4":"","5":"","6":"","7":"","8":""}],"_links":{"self":[{"href":"https:\/\/www.jdx.info\/lutte\/wp-json\/wp\/v2\/posts\/46741","targetHints":{"allow":["GET"]}}],"collection":[{"href":"https:\/\/www.jdx.info\/lutte\/wp-json\/wp\/v2\/posts"}],"about":[{"href":"https:\/\/www.jdx.info\/lutte\/wp-json\/wp\/v2\/types\/post"}],"author":[{"embeddable":true,"href":"https:\/\/www.jdx.info\/lutte\/wp-json\/wp\/v2\/users\/665"}],"replies":[{"embeddable":true,"href":"https:\/\/www.jdx.info\/lutte\/wp-json\/wp\/v2\/comments?post=46741"}],"version-history":[{"count":2,"href":"https:\/\/www.jdx.info\/lutte\/wp-json\/wp\/v2\/posts\/46741\/revisions"}],"predecessor-version":[{"id":46749,"href":"https:\/\/www.jdx.info\/lutte\/wp-json\/wp\/v2\/posts\/46741\/revisions\/46749"}],"wp:featuredmedia":[{"embeddable":true,"href":"https:\/\/www.jdx.info\/lutte\/wp-json\/wp\/v2\/media\/46748"}],"wp:attachment":[{"href":"https:\/\/www.jdx.info\/lutte\/wp-json\/wp\/v2\/media?parent=46741"}],"wp:term":[{"taxonomy":"category","embeddable":true,"href":"https:\/\/www.jdx.info\/lutte\/wp-json\/wp\/v2\/categories?post=46741"},{"taxonomy":"post_tag","embeddable":true,"href":"https:\/\/www.jdx.info\/lutte\/wp-json\/wp\/v2\/tags?post=46741"},{"taxonomy":"author","embeddable":true,"href":"https:\/\/www.jdx.info\/lutte\/wp-json\/wp\/v2\/ppma_author?post=46741"}],"curies":[{"name":"wp","href":"https:\/\/api.w.org\/{rel}","templated":true}]}}