{"id":46366,"date":"2021-02-26T12:24:19","date_gmt":"2021-02-26T17:24:19","guid":{"rendered":"http:\/\/www.jdx.info\/lutte\/?p=46366"},"modified":"2021-02-26T12:24:22","modified_gmt":"2021-02-26T17:24:22","slug":"la-aew-interesse-par-zelina-vega","status":"publish","type":"post","link":"https:\/\/www.jdx.info\/lutte\/2021\/02\/26\/la-aew-interesse-par-zelina-vega\/","title":{"rendered":"La AEW Int\u00e9ress\u00e9 par Zelina Vega!"},"content":{"rendered":"\n<p>Comme vous, vous en souvenez, en novembre dernier,\u00a0Zelina Vega se faisait renvoyer par la WWE\u00a0apr\u00e8s ne pas avoir respect\u00e9 les nouvelles r\u00e8gles de la compagnie de Vince McMahon en lien avec les plateformes tierces, en plus d&rsquo;avoir commencer la discutions sur un possible syndicat pour les SuperStars.<\/p>\n\n\n\n<p> La fameuse clause des 90 jours durant lesquels il lui est impossible d&rsquo;appara\u00eetre avec une autre compagnie comp\u00e9titrice dans le catch \u00e9tait donc commenc\u00e9e. Maintenant que cette clause est p\u00e9rim\u00e9e, la AEW semble int\u00e9ress\u00e9e envers la catcheuse.<\/p>\n\n\n\n<p>Tony Khan \u00e9tait en interview avec le\u00a0Wrestling Observer et il a parl\u00e9 entre autres de la possibilit\u00e9 d&rsquo;avoir celle qui a reprit son nom Thea Trinidad dans sa division f\u00e9minine. <\/p>\n\n\n\n<p>Le patron de l&rsquo;AEW se dit int\u00e9ress\u00e9 mais attendait la fin de la clause avant de lui parler pour que le tout soit l\u00e9gal:<\/p>\n\n\n\n<blockquote class=\"wp-block-quote is-layout-flow wp-block-quote-is-layout-flow\"><p> &lt;&lt; Elle n&rsquo;est pas dans ses 90 jours de non comp\u00e9tition ? Elle l&rsquo;\u00e9tait la derni\u00e8re fois que j&rsquo;ai regard\u00e9. J&rsquo;attendais \u00e7a&#8230; Je ne parle pas aux personnes quand elles ont leur clause. Si la sienne a expir\u00e9, c&rsquo;est qu&rsquo;elle vient de l&rsquo;\u00eatre. J&rsquo;attendais que sa clause soit termin\u00e9e. Je devrais v\u00e9rifier les calculs si elle est bien termin\u00e9e. Quand on terminera ce tournoi et ce pay-per-view, je serais int\u00e9ress\u00e9 de voir o\u00f9 elle en est. >> <\/p><\/blockquote>\n\n\n\n<p> Les 90 jours sont bel est bien termin\u00e9s, on verra donc apr\u00e8s le ppv Revolution du 7 mars prochain si Zelina Vega arrivera du c\u00f4t\u00e9 de la AEW ou d&rsquo;Impact Wrestling qui l&rsquo;a vu n&rsquo;aitre sous le nom de  Rosita. Il faudra \u00e9galement surveiller ce que fera son mari Aleister Black suite au d\u00e9part de sa femme vers d&rsquo;autres cieux. <\/p>\n<p><\/p>","protected":false},"excerpt":{"rendered":"<p>Comme vous, vous en souvenez, en novembre dernier,\u00a0Zelina Vega se faisait renvoyer par la WWE\u00a0apr\u00e8s ne pas avoir respect\u00e9 les nouvelles r\u00e8gles de la compagnie de Vince McMahon en lien avec les plateformes tierces, en plus d&rsquo;avoir commencer la discutions sur un possible syndicat pour les SuperStars. La fameuse clause des 90 jours durant lesquels&#8230;<\/p>\n","protected":false},"author":4,"featured_media":46370,"comment_status":"open","ping_status":"closed","sticky":false,"template":"","format":"standard","meta":{"footnotes":""},"categories":[38,30,22,4],"tags":[],"ppma_author":[292],"class_list":["post-46366","post","type-post","status-publish","format-standard","has-post-thumbnail","hentry","category-aew","category-ex-wwe","category-indy","category-news"],"authors":[{"term_id":292,"user_id":4,"is_guest":0,"slug":"jean","display_name":"Jean Vinnier","avatar_url":"https:\/\/secure.gravatar.com\/avatar\/33aba0263fd870a0b487e0e079ff407e10e3997c9d2987cbcc0db0db2c5c75a9?s=96&d=mm&r=g","0":null,"1":"","2":"","3":"","4":"","5":"","6":"","7":"","8":""}],"_links":{"self":[{"href":"https:\/\/www.jdx.info\/lutte\/wp-json\/wp\/v2\/posts\/46366","targetHints":{"allow":["GET"]}}],"collection":[{"href":"https:\/\/www.jdx.info\/lutte\/wp-json\/wp\/v2\/posts"}],"about":[{"href":"https:\/\/www.jdx.info\/lutte\/wp-json\/wp\/v2\/types\/post"}],"author":[{"embeddable":true,"href":"https:\/\/www.jdx.info\/lutte\/wp-json\/wp\/v2\/users\/4"}],"replies":[{"embeddable":true,"href":"https:\/\/www.jdx.info\/lutte\/wp-json\/wp\/v2\/comments?post=46366"}],"version-history":[{"count":1,"href":"https:\/\/www.jdx.info\/lutte\/wp-json\/wp\/v2\/posts\/46366\/revisions"}],"predecessor-version":[{"id":46371,"href":"https:\/\/www.jdx.info\/lutte\/wp-json\/wp\/v2\/posts\/46366\/revisions\/46371"}],"wp:featuredmedia":[{"embeddable":true,"href":"https:\/\/www.jdx.info\/lutte\/wp-json\/wp\/v2\/media\/46370"}],"wp:attachment":[{"href":"https:\/\/www.jdx.info\/lutte\/wp-json\/wp\/v2\/media?parent=46366"}],"wp:term":[{"taxonomy":"category","embeddable":true,"href":"https:\/\/www.jdx.info\/lutte\/wp-json\/wp\/v2\/categories?post=46366"},{"taxonomy":"post_tag","embeddable":true,"href":"https:\/\/www.jdx.info\/lutte\/wp-json\/wp\/v2\/tags?post=46366"},{"taxonomy":"author","embeddable":true,"href":"https:\/\/www.jdx.info\/lutte\/wp-json\/wp\/v2\/ppma_author?post=46366"}],"curies":[{"name":"wp","href":"https:\/\/api.w.org\/{rel}","templated":true}]}}