{"id":46338,"date":"2021-02-25T16:28:55","date_gmt":"2021-02-25T21:28:55","guid":{"rendered":"http:\/\/www.jdx.info\/lutte\/?p=46338"},"modified":"2021-02-25T16:28:57","modified_gmt":"2021-02-25T21:28:57","slug":"le-catch-cest-fini-avec-la-chaine-lequipe-chris-agius-le-confirme","status":"publish","type":"post","link":"https:\/\/www.jdx.info\/lutte\/2021\/02\/25\/le-catch-cest-fini-avec-la-chaine-lequipe-chris-agius-le-confirme\/","title":{"rendered":"Le Catch C&rsquo;est Fini avec la Cha\u00eene l&rsquo;\u00c9quipe! Chris Agius Le Confirme!"},"content":{"rendered":"\n<p>Comme vous le savez,\u00a0la chaine l&rsquo;\u00c9quipe avait ajout\u00e9 RAW en 2018 sur sa grille horaire, avant de doubler ses programmes de catch avec SmackDown suivi de NXT en 2019, ainsi que plusieurs \u00e9ditions du Royal Rumble, WrestleMania et SummerSlam en 2020, mais il semble que  le catch vit ses derniers jours sur cette chaine de la TNT.<\/p>\n\n\n\n<p>L&rsquo;\u00c9quipe a d\u00e9cid\u00e9 de laisser \u00a0la place de la WWE  du samedi soir  \u00e0 la UFC d\u00e8s le 6 mars. <\/p>\n\n\n\n<p>Si la chaine n&rsquo;a pas communiqu\u00e9 sur la fin du catch sur son antenne,\u00a0Francois-Xavier Busnel\u00a0&#8211; r\u00e9dacteur en chef en charge des directs &#8211; semble \u00eatre clair sur Twitter : <\/p>\n\n\n\n<blockquote class=\"wp-block-quote is-layout-flow wp-block-quote-is-layout-flow\"><p>\u00ab\u00a0<strong>Dans 10 jours, le catch laisse sa place au MMA pour les soir\u00e9es du samedi sur la chaine l&rsquo;\u00c9quipe<\/strong>\u00ab\u00a0, <\/p><\/blockquote>\n\n\n\n<p>Et il a remercier les commentateurs Florian Gazan et Christophe Agius. Ce dernier confirme par ailleurs que le catch sur cette chaine, c&rsquo;est fini&#8230; pour l&rsquo;instant.<\/p>\n\n\n\n<p> En r\u00e9ponse \u00e0 un fan lui demandant si la chaine l&rsquo;\u00c9quipe va arr\u00eater de diffuser le catch,\u00a0notre ancien collaborateur Christophe Agius r\u00e9pond ainsi : <\/p>\n\n\n\n<blockquote class=\"wp-block-quote is-layout-flow wp-block-quote-is-layout-flow\"><p><strong>\u00ab\u00a0Pour l&rsquo;instant, oui.\u00a0\u00bb<\/strong> <\/p><\/blockquote>\n\n\n\n<center><p><script async=\"\" src=\"https:\/\/pagead2.googlesyndication.com\/pagead\/js\/adsbygoogle.js\"><\/script>\n<ins class=\"adsbygoogle\" style=\"display:block; text-align:center;\" data-ad-layout=\"in-article\" data-ad-format=\"fluid\" data-ad-client=\"ca-pub-1986975368136072\" data-ad-slot=\"7818521013\"><\/ins>\n<script>\n     (adsbygoogle = window.adsbygoogle || []).push({});\n<\/script><\/p><\/center>\n\n<center><blockquote class=\"twitter-tweet\"><p lang=\"fr\" dir=\"ltr\">Il a assez donn\u00e9 au catch pour avoir le droit de faire ce qu\u2019il a envi de faire. Je lui souhaite tout le bonheur du monde.<a href=\"https:\/\/twitter.com\/hashtag\/CatchRAW?src=hash&amp;ref_src=twsrc%5Etfw\">#CatchRAW<\/a><\/p>&mdash; Christophe Agius (@CAgiusILD) <a href=\"https:\/\/twitter.com\/CAgiusILD\/status\/1364683665368887302?ref_src=twsrc%5Etfw\">February 24, 2021<\/a><\/blockquote> <script async src=\"https:\/\/platform.twitter.com\/widgets.js\" charset=\"utf-8\"><\/script><\/center>\n<p><\/p>","protected":false},"excerpt":{"rendered":"<p>Comme vous le savez,\u00a0la chaine l&rsquo;\u00c9quipe avait ajout\u00e9 RAW en 2018 sur sa grille horaire, avant de doubler ses programmes de catch avec SmackDown suivi de NXT en 2019, ainsi que plusieurs \u00e9ditions du Royal Rumble, WrestleMania et SummerSlam en 2020, mais il semble que le catch vit ses derniers jours sur cette chaine de&#8230;<\/p>\n","protected":false},"author":4,"featured_media":46339,"comment_status":"open","ping_status":"closed","sticky":false,"template":"","format":"standard","meta":{"footnotes":""},"categories":[4,43,36,28,23],"tags":[],"ppma_author":[292],"class_list":["post-46338","post","type-post","status-publish","format-standard","has-post-thumbnail","hentry","category-news","category-raw-wwe","category-smackdown","category-vf","category-wwe"],"authors":[{"term_id":292,"user_id":4,"is_guest":0,"slug":"jean","display_name":"Jean Vinnier","avatar_url":"https:\/\/secure.gravatar.com\/avatar\/33aba0263fd870a0b487e0e079ff407e10e3997c9d2987cbcc0db0db2c5c75a9?s=96&d=mm&r=g","0":null,"1":"","2":"","3":"","4":"","5":"","6":"","7":"","8":""}],"_links":{"self":[{"href":"https:\/\/www.jdx.info\/lutte\/wp-json\/wp\/v2\/posts\/46338","targetHints":{"allow":["GET"]}}],"collection":[{"href":"https:\/\/www.jdx.info\/lutte\/wp-json\/wp\/v2\/posts"}],"about":[{"href":"https:\/\/www.jdx.info\/lutte\/wp-json\/wp\/v2\/types\/post"}],"author":[{"embeddable":true,"href":"https:\/\/www.jdx.info\/lutte\/wp-json\/wp\/v2\/users\/4"}],"replies":[{"embeddable":true,"href":"https:\/\/www.jdx.info\/lutte\/wp-json\/wp\/v2\/comments?post=46338"}],"version-history":[{"count":1,"href":"https:\/\/www.jdx.info\/lutte\/wp-json\/wp\/v2\/posts\/46338\/revisions"}],"predecessor-version":[{"id":46340,"href":"https:\/\/www.jdx.info\/lutte\/wp-json\/wp\/v2\/posts\/46338\/revisions\/46340"}],"wp:featuredmedia":[{"embeddable":true,"href":"https:\/\/www.jdx.info\/lutte\/wp-json\/wp\/v2\/media\/46339"}],"wp:attachment":[{"href":"https:\/\/www.jdx.info\/lutte\/wp-json\/wp\/v2\/media?parent=46338"}],"wp:term":[{"taxonomy":"category","embeddable":true,"href":"https:\/\/www.jdx.info\/lutte\/wp-json\/wp\/v2\/categories?post=46338"},{"taxonomy":"post_tag","embeddable":true,"href":"https:\/\/www.jdx.info\/lutte\/wp-json\/wp\/v2\/tags?post=46338"},{"taxonomy":"author","embeddable":true,"href":"https:\/\/www.jdx.info\/lutte\/wp-json\/wp\/v2\/ppma_author?post=46338"}],"curies":[{"name":"wp","href":"https:\/\/api.w.org\/{rel}","templated":true}]}}