{"id":46314,"date":"2021-02-25T13:48:56","date_gmt":"2021-02-25T18:48:56","guid":{"rendered":"http:\/\/www.jdx.info\/lutte\/?p=46314"},"modified":"2021-02-25T13:48:57","modified_gmt":"2021-02-25T18:48:57","slug":"mick-foley-explique-pourquoi-il-pense-que-paul-wight-a-quitte-la-wwe-pour-aew","status":"publish","type":"post","link":"https:\/\/www.jdx.info\/lutte\/2021\/02\/25\/mick-foley-explique-pourquoi-il-pense-que-paul-wight-a-quitte-la-wwe-pour-aew\/","title":{"rendered":"Mick Foley explique pourquoi il pense que Paul Wight a quitt\u00e9 la WWE pour AEW!"},"content":{"rendered":"\n<p>Le Hall of Famer de la WWE Mick Foley s&rsquo;est rendu sur Twitter hier soir avec des r\u00e9flexions sur le l\u00e9gendaire Paul Wight (Big Show) quittant la WWE et signant un contrat pluriannuel pour lutter et commenter le nouveau spectacle AEW \u00abDark: Elevation\u00bb.<\/p>\n\n\n\n<p>Il a \u00e9t\u00e9 pr\u00e9c\u00e9demment rapport\u00e9 que Wight et la WWE n&rsquo;\u00e9taient pas en mesure de s&rsquo;entendre sur les conditions financi\u00e8res d&rsquo;un nouveau contrat.&nbsp;Foley dit qu&rsquo;il pense que Wight avait l&rsquo;impression d&rsquo;avoir fait tout ce qu&rsquo;il y avait \u00e0 faire \u00e0 la WWE.<\/p>\n\n\n\n<blockquote class=\"wp-block-quote is-layout-flow wp-block-quote-is-layout-flow\"><p>\u00abJe souhaite le meilleur \u00e0 mon ami @PaulWight pour sa signature avec AEW.&nbsp;J&rsquo;imagine que le grand gars pensait qu&rsquo;il avait fait tout ce qu&rsquo;il y avait \u00e0 faire dans @WWE &#8211; et qu&rsquo;il lui restait encore de l&rsquo;essence dans le r\u00e9servoir \u00bb, a \u00e9crit Foley.<\/p><\/blockquote>\n\n\n\n<p>Wight devrait parler pour la premi\u00e8re fois sur AEW TV lors de l&rsquo;\u00e9mission Dynamite de mercredi prochain.<\/p>\n\n\n\n<figure class=\"wp-block-image\"><img decoding=\"async\" src=\"https:\/\/sdk.sharethrough.com\/md-icon-volume-off.svg\" alt=\"\"\/><\/figure>\n<p><\/p>","protected":false},"excerpt":{"rendered":"<p>Le Hall of Famer de la WWE Mick Foley s&rsquo;est rendu sur Twitter hier soir avec des r\u00e9flexions sur le l\u00e9gendaire Paul Wight (Big Show) quittant la WWE et signant un contrat pluriannuel pour lutter et commenter le nouveau spectacle AEW \u00abDark: Elevation\u00bb. Il a \u00e9t\u00e9 pr\u00e9c\u00e9demment rapport\u00e9 que Wight et la WWE n&rsquo;\u00e9taient pas&#8230;<\/p>\n","protected":false},"author":665,"featured_media":46323,"comment_status":"open","ping_status":"closed","sticky":false,"template":"","format":"standard","meta":{"footnotes":""},"categories":[38,30,4,1],"tags":[],"ppma_author":[289],"class_list":["post-46314","post","type-post","status-publish","format-standard","has-post-thumbnail","hentry","category-aew","category-ex-wwe","category-news","category-uncategorized"],"authors":[{"term_id":289,"user_id":665,"is_guest":0,"slug":"line","display_name":"Line Edmond","avatar_url":"https:\/\/secure.gravatar.com\/avatar\/852de09636413c90cdaa278312f9ea5bc4396768745424755cb63d99a05989d0?s=96&d=mm&r=g","0":null,"1":"","2":"","3":"","4":"","5":"","6":"","7":"","8":""}],"_links":{"self":[{"href":"https:\/\/www.jdx.info\/lutte\/wp-json\/wp\/v2\/posts\/46314","targetHints":{"allow":["GET"]}}],"collection":[{"href":"https:\/\/www.jdx.info\/lutte\/wp-json\/wp\/v2\/posts"}],"about":[{"href":"https:\/\/www.jdx.info\/lutte\/wp-json\/wp\/v2\/types\/post"}],"author":[{"embeddable":true,"href":"https:\/\/www.jdx.info\/lutte\/wp-json\/wp\/v2\/users\/665"}],"replies":[{"embeddable":true,"href":"https:\/\/www.jdx.info\/lutte\/wp-json\/wp\/v2\/comments?post=46314"}],"version-history":[{"count":2,"href":"https:\/\/www.jdx.info\/lutte\/wp-json\/wp\/v2\/posts\/46314\/revisions"}],"predecessor-version":[{"id":46324,"href":"https:\/\/www.jdx.info\/lutte\/wp-json\/wp\/v2\/posts\/46314\/revisions\/46324"}],"wp:featuredmedia":[{"embeddable":true,"href":"https:\/\/www.jdx.info\/lutte\/wp-json\/wp\/v2\/media\/46323"}],"wp:attachment":[{"href":"https:\/\/www.jdx.info\/lutte\/wp-json\/wp\/v2\/media?parent=46314"}],"wp:term":[{"taxonomy":"category","embeddable":true,"href":"https:\/\/www.jdx.info\/lutte\/wp-json\/wp\/v2\/categories?post=46314"},{"taxonomy":"post_tag","embeddable":true,"href":"https:\/\/www.jdx.info\/lutte\/wp-json\/wp\/v2\/tags?post=46314"},{"taxonomy":"author","embeddable":true,"href":"https:\/\/www.jdx.info\/lutte\/wp-json\/wp\/v2\/ppma_author?post=46314"}],"curies":[{"name":"wp","href":"https:\/\/api.w.org\/{rel}","templated":true}]}}