{"id":44322,"date":"2021-01-27T11:55:00","date_gmt":"2021-01-27T16:55:00","guid":{"rendered":"http:\/\/www.jdx.info\/lutte\/?p=44322"},"modified":"2021-01-27T12:59:49","modified_gmt":"2021-01-27T17:59:49","slug":"un-lutteur-aew-dans-jackass-4-un-retour-a-impact","status":"publish","type":"post","link":"https:\/\/www.jdx.info\/lutte\/2021\/01\/27\/un-lutteur-aew-dans-jackass-4-un-retour-a-impact\/","title":{"rendered":"Un Lutteur AEW Dans JackASS 4! Un Retour \u00e0 Impact!"},"content":{"rendered":"\n<p>&#8211;  Depuis le lancement de l&rsquo;AEW en 2019, il parait \u00e9vident que Darby Allin est un projet de la nouvelle compagnie qui semble miser sur lui et lui laisse carte blanche. L&rsquo;actuel champion TNT entretient \u00e9galement des relations avec le monde mainstream comme on a pu le voir lors de vignettes avec Tony Hawk ou encore Steve-O.<\/p>\n\n\n\n<p>A l&rsquo;occasion d&rsquo;une interview avec&nbsp;<em>Absolute Hustle<\/em>, Allin a d&rsquo;ailleurs fait savoir \u00e0 Steve-O qu&rsquo;il \u00e9tait plus que pr\u00eat \u00e0 prendre part au 4\u00e8me film Jackass qui est actuellement en production. Le champion TNT aurait m\u00eame fait savoir \u00e0 l&rsquo;AEW qu&rsquo;il prendrait un cong\u00e9 temporaire si ce souhait se r\u00e9alisait.<\/p>\n\n\n\n<p>Pour information, Jackass 3 \u00e9tait pr\u00e9vu pour \u00eatre film\u00e9 en d\u00e9but d&rsquo;ann\u00e9e 2020 mais a logiquement \u00e9t\u00e9 report\u00e9 \u00e0 cause du covid. Les premi\u00e8res enregistrements ont ainsi commenc\u00e9 le 14 d\u00e9cembre dernier &#8230; et ont \u00e9t\u00e9 arr\u00eat\u00e9s le 15 d\u00e9cembre suite \u00e0 un accident de tapis roulant qui a envoy\u00e9 Johnny Knoxville et Steve-O \u00e0 l&rsquo;h\u00f4pital.<\/p>\n\n\n\n<ul class=\"wp-block-list\"><li><a href=\"https:\/\/www.jdx.info\/lutte\/2021\/01\/27\/reaction-de-sting-et-darby-allin-moxley-va-parler-premiere-pour-le-inner-circle-cody-sur-oneal-et-plus-ce-soir-a-dynamite\/\"><strong>Pour en savoir plus sur le AEW Dynamite de ce soir, cliquez ici<\/strong><\/a><\/li><\/ul>\n\n\n\n<center><p><script async=\"\" src=\"https:\/\/pagead2.googlesyndication.com\/pagead\/js\/adsbygoogle.js\"><\/script>\n<ins class=\"adsbygoogle\" style=\"display:block; text-align:center;\" data-ad-layout=\"in-article\" data-ad-format=\"fluid\" data-ad-client=\"ca-pub-1986975368136072\" data-ad-slot=\"7818521013\"><\/ins>\n<script>\n     (adsbygoogle = window.adsbygoogle || []).push({});\n<\/script><\/p><\/center>\n\n\n\n\n<p>&#8211;  Hier soir, Impact Wrestling a tenu un nouvel \u00e9pisode de son show TV qui a \u00e9t\u00e9 marqu\u00e9 par la faible pr\u00e9sence des repr\u00e9sentants de l&rsquo;AEW. Il n&rsquo;y a ainsi eu aucune image de Kenny Omega alors que Matt Hardy s&rsquo;est content\u00e9 d&rsquo;une br\u00e8ve promo et de l&rsquo;habituelle publicit\u00e9 pay\u00e9e par Tony Khan.<\/p>\n\n\n\n<p>Impact Wrestling avait cependant teas\u00e9 une surprise pour cet \u00e9pisode avec l&rsquo;indication de la pr\u00e9sence d&rsquo;un lutteur myst\u00e8re en d\u00e9but de show. L&rsquo;identit\u00e9 de celui-ci devait \u00eatre r\u00e9v\u00e9l\u00e9e lors du Main Event. Il s&rsquo;agissait ainsi &#8230; du revenant&nbsp;<strong>Trey Miguel<\/strong>&nbsp;dor\u00e9navant blond. Il \u00e9tait pourtant pens\u00e9 que l&rsquo;ancien membre des Rascalz suivraient Dezmond Xavier et Zachary Wentz \u00e0 la WWE ou qu&rsquo;il irait \u00e0 l&rsquo;AEW.<\/p>\n\n\n\n<p class=\"has-medium-font-size\"><a href=\"https:\/\/www.jdx.info\/lutte\/2021\/01\/27\/impactwrestlingresult\/\"><strong>Pour les r\u00e9sultats complet ou voir le dernier Impact, cliquez ici<\/strong><\/a><\/p>\n<p><\/p>","protected":false},"excerpt":{"rendered":"<p>&#8211; Depuis le lancement de l&rsquo;AEW en 2019, il parait \u00e9vident que Darby Allin est un projet de la nouvelle compagnie qui semble miser sur lui et lui laisse carte blanche. L&rsquo;actuel champion TNT entretient \u00e9galement des relations avec le monde mainstream comme on a pu le voir lors de vignettes avec Tony Hawk ou&#8230;<\/p>\n","protected":false},"author":4,"featured_media":44323,"comment_status":"open","ping_status":"closed","sticky":false,"template":"","format":"standard","meta":{"footnotes":""},"categories":[38,24,4,41],"tags":[],"ppma_author":[292],"class_list":["post-44322","post","type-post","status-publish","format-standard","has-post-thumbnail","hentry","category-aew","category-aew-impact-njpw-roh","category-news","category-tna-impact"],"authors":[{"term_id":292,"user_id":4,"is_guest":0,"slug":"jean","display_name":"Jean Vinnier","avatar_url":"https:\/\/secure.gravatar.com\/avatar\/33aba0263fd870a0b487e0e079ff407e10e3997c9d2987cbcc0db0db2c5c75a9?s=96&d=mm&r=g","0":null,"1":"","2":"","3":"","4":"","5":"","6":"","7":"","8":""}],"_links":{"self":[{"href":"https:\/\/www.jdx.info\/lutte\/wp-json\/wp\/v2\/posts\/44322","targetHints":{"allow":["GET"]}}],"collection":[{"href":"https:\/\/www.jdx.info\/lutte\/wp-json\/wp\/v2\/posts"}],"about":[{"href":"https:\/\/www.jdx.info\/lutte\/wp-json\/wp\/v2\/types\/post"}],"author":[{"embeddable":true,"href":"https:\/\/www.jdx.info\/lutte\/wp-json\/wp\/v2\/users\/4"}],"replies":[{"embeddable":true,"href":"https:\/\/www.jdx.info\/lutte\/wp-json\/wp\/v2\/comments?post=44322"}],"version-history":[{"count":1,"href":"https:\/\/www.jdx.info\/lutte\/wp-json\/wp\/v2\/posts\/44322\/revisions"}],"predecessor-version":[{"id":44324,"href":"https:\/\/www.jdx.info\/lutte\/wp-json\/wp\/v2\/posts\/44322\/revisions\/44324"}],"wp:featuredmedia":[{"embeddable":true,"href":"https:\/\/www.jdx.info\/lutte\/wp-json\/wp\/v2\/media\/44323"}],"wp:attachment":[{"href":"https:\/\/www.jdx.info\/lutte\/wp-json\/wp\/v2\/media?parent=44322"}],"wp:term":[{"taxonomy":"category","embeddable":true,"href":"https:\/\/www.jdx.info\/lutte\/wp-json\/wp\/v2\/categories?post=44322"},{"taxonomy":"post_tag","embeddable":true,"href":"https:\/\/www.jdx.info\/lutte\/wp-json\/wp\/v2\/tags?post=44322"},{"taxonomy":"author","embeddable":true,"href":"https:\/\/www.jdx.info\/lutte\/wp-json\/wp\/v2\/ppma_author?post=44322"}],"curies":[{"name":"wp","href":"https:\/\/api.w.org\/{rel}","templated":true}]}}