{"id":44050,"date":"2021-01-23T20:11:00","date_gmt":"2021-01-24T01:11:00","guid":{"rendered":"http:\/\/www.jdx.info\/lutte\/?p=44050"},"modified":"2021-01-23T20:11:41","modified_gmt":"2021-01-24T01:11:41","slug":"la-wwe-recrute-a-linterne-vince-empeche-les-superstars-de-dormir","status":"publish","type":"post","link":"https:\/\/www.jdx.info\/lutte\/2021\/01\/23\/la-wwe-recrute-a-linterne-vince-empeche-les-superstars-de-dormir\/","title":{"rendered":"La WWE Recrute \u00e0 l&rsquo;Interne! Vince Emp\u00eache les SuperStars de Dormir!"},"content":{"rendered":"\n<p>&#8211; Il y a quelques mois, nous vous parlions que la WWE recherchait quelqu&rsquo;un pour diriger le groupe interne cr\u00e9\u00e9 pour g\u00e9rer les talents de la compagnie. <\/p>\n\n\n\n<p>C&rsquo;est Mike Johnson du PWInsider qui nous indique que cette personne fut trouv\u00e9e, et il s&rsquo;agit de Darren Traub et d\u00e9butera son nouveau r\u00f4le avec la WWE \u00e0 partir du 25 janvier prochain.<\/p>\n\n\n\n<center><p><script async=\"\" src=\"https:\/\/pagead2.googlesyndication.com\/pagead\/js\/adsbygoogle.js\"><\/script>\n<ins class=\"adsbygoogle\" style=\"display:block; text-align:center;\" data-ad-layout=\"in-article\" data-ad-format=\"fluid\" data-ad-client=\"ca-pub-1986975368136072\" data-ad-slot=\"7818521013\"><\/ins>\n<script>\n     (adsbygoogle = window.adsbygoogle || []).push({});\n<\/script><\/p><\/center>\n\n\n\n\n<p><br>&#8211; Sans transition, c&rsquo;est depuis plus de 35 ans maintenant, Vince McMahon est le patron de la WWE et est un acteur incontournable du monde de la lutte professionnel. Depuis le temps, les diff\u00e9rents caprices et lubies du pr\u00e9sident de la plus grande compagnie du business ont \u00e9t\u00e9 bien document\u00e9s par plusieurs personnes le connaissant et l&rsquo;ayant bien connu comme Chris Jericho, Jim Cornette, Bret Hart, Bruce Prichard et plein d&rsquo;autres.<\/p>\n\n\n\n<p>A l&rsquo;occasion d&rsquo;une interview avec Chris Van Vliet, Jonathan Coachman a cependant r\u00e9v\u00e9l\u00e9 une lubie de McMahon qui \u00e9tait m\u00e9connue. Habitu\u00e9 \u00e0 voler avec son jet, le patron de la WWE embarque r\u00e9guli\u00e8rement du staff avec lui. McMahon d\u00e9testait cependant que quelqu&rsquo;un dorme dans l&rsquo;avion et chacun devait donc faire un effort pour rester \u00e9veill\u00e9  \u00e0 moins que le patron lui-m\u00eame ne dorme.<\/p>\n\n\n\n<p><\/p>\n<p><\/p>","protected":false},"excerpt":{"rendered":"<p>&#8211; Il y a quelques mois, nous vous parlions que la WWE recherchait quelqu&rsquo;un pour diriger le groupe interne cr\u00e9\u00e9 pour g\u00e9rer les talents de la compagnie. C&rsquo;est Mike Johnson du PWInsider qui nous indique que cette personne fut trouv\u00e9e, et il s&rsquo;agit de Darren Traub et d\u00e9butera son nouveau r\u00f4le avec la WWE \u00e0&#8230;<\/p>\n","protected":false},"author":4,"featured_media":44083,"comment_status":"open","ping_status":"closed","sticky":false,"template":"","format":"standard","meta":{"footnotes":""},"categories":[4,23],"tags":[],"ppma_author":[292],"class_list":["post-44050","post","type-post","status-publish","format-standard","has-post-thumbnail","hentry","category-news","category-wwe"],"authors":[{"term_id":292,"user_id":4,"is_guest":0,"slug":"jean","display_name":"Jean Vinnier","avatar_url":"https:\/\/secure.gravatar.com\/avatar\/33aba0263fd870a0b487e0e079ff407e10e3997c9d2987cbcc0db0db2c5c75a9?s=96&d=mm&r=g","0":null,"1":"","2":"","3":"","4":"","5":"","6":"","7":"","8":""}],"_links":{"self":[{"href":"https:\/\/www.jdx.info\/lutte\/wp-json\/wp\/v2\/posts\/44050","targetHints":{"allow":["GET"]}}],"collection":[{"href":"https:\/\/www.jdx.info\/lutte\/wp-json\/wp\/v2\/posts"}],"about":[{"href":"https:\/\/www.jdx.info\/lutte\/wp-json\/wp\/v2\/types\/post"}],"author":[{"embeddable":true,"href":"https:\/\/www.jdx.info\/lutte\/wp-json\/wp\/v2\/users\/4"}],"replies":[{"embeddable":true,"href":"https:\/\/www.jdx.info\/lutte\/wp-json\/wp\/v2\/comments?post=44050"}],"version-history":[{"count":2,"href":"https:\/\/www.jdx.info\/lutte\/wp-json\/wp\/v2\/posts\/44050\/revisions"}],"predecessor-version":[{"id":44085,"href":"https:\/\/www.jdx.info\/lutte\/wp-json\/wp\/v2\/posts\/44050\/revisions\/44085"}],"wp:featuredmedia":[{"embeddable":true,"href":"https:\/\/www.jdx.info\/lutte\/wp-json\/wp\/v2\/media\/44083"}],"wp:attachment":[{"href":"https:\/\/www.jdx.info\/lutte\/wp-json\/wp\/v2\/media?parent=44050"}],"wp:term":[{"taxonomy":"category","embeddable":true,"href":"https:\/\/www.jdx.info\/lutte\/wp-json\/wp\/v2\/categories?post=44050"},{"taxonomy":"post_tag","embeddable":true,"href":"https:\/\/www.jdx.info\/lutte\/wp-json\/wp\/v2\/tags?post=44050"},{"taxonomy":"author","embeddable":true,"href":"https:\/\/www.jdx.info\/lutte\/wp-json\/wp\/v2\/ppma_author?post=44050"}],"curies":[{"name":"wp","href":"https:\/\/api.w.org\/{rel}","templated":true}]}}