{"id":43353,"date":"2021-01-11T19:09:04","date_gmt":"2021-01-12T00:09:04","guid":{"rendered":"http:\/\/www.jdx.info\/lutte\/?p=43353"},"modified":"2021-01-11T19:11:45","modified_gmt":"2021-01-12T00:11:45","slug":"mcintyre-ne-serait-pas-le-seul-infecte-au-coronavirus","status":"publish","type":"post","link":"https:\/\/www.jdx.info\/lutte\/2021\/01\/11\/mcintyre-ne-serait-pas-le-seul-infecte-au-coronavirus\/","title":{"rendered":"McIntyre Ne Serait Pas Le Seul Infect\u00e9 au Coronavirus \u00e0 la WWE! Mais Aussi \u00e0 la AEW et Impact Wrestling!"},"content":{"rendered":"\n<p> Comme vous le savez, le champion de la WWE \u00e9tait cens\u00e9 affronter \u00e0 nouveau affronter Randy Orton ce soir. Drew McIntyre va finalement devoir passer son tour \u00e0 cause de son test positif \u00e0 la Covid-19, m\u00eame si la WWE a promis de ses nouvelles lors de RAW. <\/p>\n\n\n\n<p>A en croire\u00a0une source, l&rsquo;\u00e9cossais ne serait que le premier d&rsquo;une longue liste.<\/p>\n\n\n\n<p>Le site sp\u00e9cialis\u00e9 rapporte que plusieurs autres SuperStars auraient \u00e9t\u00e9 contr\u00f4l\u00e9es positifs durant la p\u00e9riode des f\u00eates.  Comme quoi les rapprochements entre amis et en familles ce n&rsquo;\u00e9tait pas la meilleure id\u00e9e cette ann\u00e9e. <\/p>\n\n\n\n<p>Plusieurs noms devraient prochainement \u00eatre annonc\u00e9es en plus de ceux de La AEW et Impact Wrestling auraient eux aussi des cas positifs. Plusieurs se fr\u00e9quentant ou \u00e9tant en couple, le tout auraient aid\u00e9 \u00e0 la propagation. <\/p>\n<p><\/p>","protected":false},"excerpt":{"rendered":"<p>Comme vous le savez, le champion de la WWE \u00e9tait cens\u00e9 affronter \u00e0 nouveau affronter Randy Orton ce soir. Drew McIntyre va finalement devoir passer son tour \u00e0 cause de son test positif \u00e0 la Covid-19, m\u00eame si la WWE a promis de ses nouvelles lors de RAW. A en croire\u00a0une source, l&rsquo;\u00e9cossais ne serait&#8230;<\/p>\n","protected":false},"author":609,"featured_media":43354,"comment_status":"open","ping_status":"closed","sticky":false,"template":"","format":"standard","meta":{"footnotes":""},"categories":[4],"tags":[],"ppma_author":[295],"class_list":["post-43353","post","type-post","status-publish","format-standard","has-post-thumbnail","hentry","category-news"],"authors":[{"term_id":295,"user_id":609,"is_guest":0,"slug":"rodrigo","display_name":"Rodrigue Tousignant","avatar_url":"https:\/\/secure.gravatar.com\/avatar\/51fe284bb6dbe8a6b4c2bf998ad658f4a9cd24b7e58f15ec85888070c7340ce6?s=96&d=mm&r=g","0":null,"1":"","2":"","3":"","4":"","5":"","6":"","7":"","8":""}],"_links":{"self":[{"href":"https:\/\/www.jdx.info\/lutte\/wp-json\/wp\/v2\/posts\/43353","targetHints":{"allow":["GET"]}}],"collection":[{"href":"https:\/\/www.jdx.info\/lutte\/wp-json\/wp\/v2\/posts"}],"about":[{"href":"https:\/\/www.jdx.info\/lutte\/wp-json\/wp\/v2\/types\/post"}],"author":[{"embeddable":true,"href":"https:\/\/www.jdx.info\/lutte\/wp-json\/wp\/v2\/users\/609"}],"replies":[{"embeddable":true,"href":"https:\/\/www.jdx.info\/lutte\/wp-json\/wp\/v2\/comments?post=43353"}],"version-history":[{"count":3,"href":"https:\/\/www.jdx.info\/lutte\/wp-json\/wp\/v2\/posts\/43353\/revisions"}],"predecessor-version":[{"id":43357,"href":"https:\/\/www.jdx.info\/lutte\/wp-json\/wp\/v2\/posts\/43353\/revisions\/43357"}],"wp:featuredmedia":[{"embeddable":true,"href":"https:\/\/www.jdx.info\/lutte\/wp-json\/wp\/v2\/media\/43354"}],"wp:attachment":[{"href":"https:\/\/www.jdx.info\/lutte\/wp-json\/wp\/v2\/media?parent=43353"}],"wp:term":[{"taxonomy":"category","embeddable":true,"href":"https:\/\/www.jdx.info\/lutte\/wp-json\/wp\/v2\/categories?post=43353"},{"taxonomy":"post_tag","embeddable":true,"href":"https:\/\/www.jdx.info\/lutte\/wp-json\/wp\/v2\/tags?post=43353"},{"taxonomy":"author","embeddable":true,"href":"https:\/\/www.jdx.info\/lutte\/wp-json\/wp\/v2\/ppma_author?post=43353"}],"curies":[{"name":"wp","href":"https:\/\/api.w.org\/{rel}","templated":true}]}}