{"id":4331,"date":"2019-06-14T04:49:51","date_gmt":"2019-06-14T04:49:51","guid":{"rendered":"http:\/\/www.jdx.info\/lutte\/?p=4331"},"modified":"2019-06-14T04:49:53","modified_gmt":"2019-06-14T04:49:53","slug":"lars-sulivan-blesse","status":"publish","type":"post","link":"https:\/\/www.jdx.info\/lutte\/2019\/06\/14\/lars-sulivan-blesse\/","title":{"rendered":"Lars Sulivan Bless\u00e9!"},"content":{"rendered":"\n<p>Il semblerait que Lars Sullivan se soit bless\u00e9 apr\u00e8s ses deux matchs contre la Lucha House Party, au Super ShowDown et \u00e0 RAW dans les derniers jours. Dave Meltzer a en effet r\u00e9v\u00e9l\u00e9 que <strong>Lars Sullivan souffrirait d&rsquo;une blessure.<\/strong> D\u00e9j\u00e0 annonc\u00e9e comme \u00ab\u00a0mineure\u00a0\u00bb, elle serait finalement \u00ab\u00a0plus grave que pr\u00e9vu\u00a0\u00bb selon lui.<\/p>\n\n\n\n<p>Le nouveau monstre de la WWE aurait d\u00fb affronter Matt Hardy \u00e0 SmackDown cette  semaine. Cette rencontre a donc \u00e9t\u00e9 annul\u00e9 \u00e0 cause de la blessure de Sullivan. <\/p>\n\n\n\n<p>Dans une mise \u00e0 jour que nous avons obtenue, <strong>Cette blessure serait au genou et serait et \u00ab\u00a0plus grave que pr\u00e9vu\u00a0\u00bb<\/strong>. Nous n&rsquo;avons pas plus de d\u00e9tails sur la gravit\u00e9 de la blessure pour le moment. Nous attendons donc  qu&rsquo;une IRM soit faite.<\/p>\n<p><\/p>","protected":false},"excerpt":{"rendered":"<p>Il semblerait que Lars Sullivan se soit bless\u00e9 apr\u00e8s ses deux matchs contre la Lucha House Party, au Super ShowDown et \u00e0 RAW dans les derniers jours. Dave Meltzer a en effet r\u00e9v\u00e9l\u00e9 que Lars Sullivan souffrirait d&rsquo;une blessure. D\u00e9j\u00e0 annonc\u00e9e comme \u00ab\u00a0mineure\u00a0\u00bb, elle serait finalement \u00ab\u00a0plus grave que pr\u00e9vu\u00a0\u00bb selon lui. Le nouveau monstre&#8230;<\/p>\n","protected":false},"author":4,"featured_media":4332,"comment_status":"open","ping_status":"closed","sticky":false,"template":"","format":"standard","meta":{"footnotes":""},"categories":[4],"tags":[],"ppma_author":[292],"class_list":["post-4331","post","type-post","status-publish","format-standard","has-post-thumbnail","hentry","category-news"],"authors":[{"term_id":292,"user_id":4,"is_guest":0,"slug":"jean","display_name":"Jean Vinnier","avatar_url":"https:\/\/secure.gravatar.com\/avatar\/33aba0263fd870a0b487e0e079ff407e10e3997c9d2987cbcc0db0db2c5c75a9?s=96&d=mm&r=g","0":null,"1":"","2":"","3":"","4":"","5":"","6":"","7":"","8":""}],"_links":{"self":[{"href":"https:\/\/www.jdx.info\/lutte\/wp-json\/wp\/v2\/posts\/4331","targetHints":{"allow":["GET"]}}],"collection":[{"href":"https:\/\/www.jdx.info\/lutte\/wp-json\/wp\/v2\/posts"}],"about":[{"href":"https:\/\/www.jdx.info\/lutte\/wp-json\/wp\/v2\/types\/post"}],"author":[{"embeddable":true,"href":"https:\/\/www.jdx.info\/lutte\/wp-json\/wp\/v2\/users\/4"}],"replies":[{"embeddable":true,"href":"https:\/\/www.jdx.info\/lutte\/wp-json\/wp\/v2\/comments?post=4331"}],"version-history":[{"count":1,"href":"https:\/\/www.jdx.info\/lutte\/wp-json\/wp\/v2\/posts\/4331\/revisions"}],"predecessor-version":[{"id":4333,"href":"https:\/\/www.jdx.info\/lutte\/wp-json\/wp\/v2\/posts\/4331\/revisions\/4333"}],"wp:featuredmedia":[{"embeddable":true,"href":"https:\/\/www.jdx.info\/lutte\/wp-json\/wp\/v2\/media\/4332"}],"wp:attachment":[{"href":"https:\/\/www.jdx.info\/lutte\/wp-json\/wp\/v2\/media?parent=4331"}],"wp:term":[{"taxonomy":"category","embeddable":true,"href":"https:\/\/www.jdx.info\/lutte\/wp-json\/wp\/v2\/categories?post=4331"},{"taxonomy":"post_tag","embeddable":true,"href":"https:\/\/www.jdx.info\/lutte\/wp-json\/wp\/v2\/tags?post=4331"},{"taxonomy":"author","embeddable":true,"href":"https:\/\/www.jdx.info\/lutte\/wp-json\/wp\/v2\/ppma_author?post=4331"}],"curies":[{"name":"wp","href":"https:\/\/api.w.org\/{rel}","templated":true}]}}