{"id":42702,"date":"2020-12-26T12:24:35","date_gmt":"2020-12-26T17:24:35","guid":{"rendered":"http:\/\/www.jdx.info\/lutte\/?p=42702"},"modified":"2020-12-26T12:24:36","modified_gmt":"2020-12-26T17:24:36","slug":"daniel-bryan-voudrait-passer-a-temps-partiel","status":"publish","type":"post","link":"https:\/\/www.jdx.info\/lutte\/2020\/12\/26\/daniel-bryan-voudrait-passer-a-temps-partiel\/","title":{"rendered":"Daniel Bryan Voudrait Passer \u00e0 Temps Partiel!"},"content":{"rendered":"\n<p>\u00c7a fait de quelques mois qu&rsquo;on entend dire que Daniel Bryan va bient\u00f4t devenir un part-timer. Il avait lui m\u00eame confirm\u00e9 en octobre dernier que c&rsquo;\u00e9tait son dernier run en tant que catcheur \u00e0 plein-temps. Aujourd&rsquo;hui,\u00a0l&rsquo;ancien champion de la WWE affirme vouloir devenir un part-timer.<\/p>\n\n\n\n<p>C&rsquo;est lors d&rsquo;une interview avec BT Sport que Daniel Bryan a confirm\u00e9 qu&rsquo;il \u00e9tait en train de voir avec la WWE pour faire sa transition en part-timer et passer plus de temps avec sa famille, d\u00e8s que son contrat actuel avec la compagnie prendra fin :<\/p>\n\n\n\n<blockquote class=\"wp-block-quote is-layout-flow wp-block-quote-is-layout-flow\"><p><strong>&lt;&lt; Je change les priorit\u00e9s dans ma vie. Mon contrat se termine bient\u00f4t et on est en train de voir pour devenir moins qu&rsquo;un catcheur \u00e0 plein-temps.<\/strong><\/p><p><strong>Je serai un p\u00e8re \u00e0 plein-temps, un catcheur \u00e0 temps partiel. >><\/strong><\/p><\/blockquote>\n\n\n\n<center><blockquote class=\"twitter-tweet\"><p lang=\"en\" dir=\"ltr\">&quot;I&#39;m switching priorities in my life. My contract is coming up soon, and we&#39;ll be looking at me transitioning to less than a full-time wrestler.&quot;<br><br>&quot;I&#39;ll be a full-time dad, part-time wrestler.&quot;<a href=\"https:\/\/twitter.com\/WWEDanielBryan?ref_src=twsrc%5Etfw\">@WWEDanielBryan<\/a> will always love wrestling, but priorities change &#x2764;&#xfe0f;<br><br>Respect. <a href=\"https:\/\/t.co\/35eOCRCVAF\">pic.twitter.com\/35eOCRCVAF<\/a><\/p>&mdash; WWE on BT Sport (@btsportwwe) <a href=\"https:\/\/twitter.com\/btsportwwe\/status\/1341756726203301889?ref_src=twsrc%5Etfw\">December 23, 2020<\/a><\/blockquote> <script async src=\"https:\/\/platform.twitter.com\/widgets.js\" charset=\"utf-8\"><\/script><\/center>\n<p><\/p>","protected":false},"excerpt":{"rendered":"<p>\u00c7a fait de quelques mois qu&rsquo;on entend dire que Daniel Bryan va bient\u00f4t devenir un part-timer. Il avait lui m\u00eame confirm\u00e9 en octobre dernier que c&rsquo;\u00e9tait son dernier run en tant que catcheur \u00e0 plein-temps. Aujourd&rsquo;hui,\u00a0l&rsquo;ancien champion de la WWE affirme vouloir devenir un part-timer. C&rsquo;est lors d&rsquo;une interview avec BT Sport que Daniel Bryan&#8230;<\/p>\n","protected":false},"author":4,"featured_media":42703,"comment_status":"open","ping_status":"closed","sticky":false,"template":"","format":"standard","meta":{"footnotes":""},"categories":[4,23],"tags":[],"ppma_author":[292],"class_list":["post-42702","post","type-post","status-publish","format-standard","has-post-thumbnail","hentry","category-news","category-wwe"],"authors":[{"term_id":292,"user_id":4,"is_guest":0,"slug":"jean","display_name":"Jean Vinnier","avatar_url":"https:\/\/secure.gravatar.com\/avatar\/33aba0263fd870a0b487e0e079ff407e10e3997c9d2987cbcc0db0db2c5c75a9?s=96&d=mm&r=g","0":null,"1":"","2":"","3":"","4":"","5":"","6":"","7":"","8":""}],"_links":{"self":[{"href":"https:\/\/www.jdx.info\/lutte\/wp-json\/wp\/v2\/posts\/42702","targetHints":{"allow":["GET"]}}],"collection":[{"href":"https:\/\/www.jdx.info\/lutte\/wp-json\/wp\/v2\/posts"}],"about":[{"href":"https:\/\/www.jdx.info\/lutte\/wp-json\/wp\/v2\/types\/post"}],"author":[{"embeddable":true,"href":"https:\/\/www.jdx.info\/lutte\/wp-json\/wp\/v2\/users\/4"}],"replies":[{"embeddable":true,"href":"https:\/\/www.jdx.info\/lutte\/wp-json\/wp\/v2\/comments?post=42702"}],"version-history":[{"count":1,"href":"https:\/\/www.jdx.info\/lutte\/wp-json\/wp\/v2\/posts\/42702\/revisions"}],"predecessor-version":[{"id":42704,"href":"https:\/\/www.jdx.info\/lutte\/wp-json\/wp\/v2\/posts\/42702\/revisions\/42704"}],"wp:featuredmedia":[{"embeddable":true,"href":"https:\/\/www.jdx.info\/lutte\/wp-json\/wp\/v2\/media\/42703"}],"wp:attachment":[{"href":"https:\/\/www.jdx.info\/lutte\/wp-json\/wp\/v2\/media?parent=42702"}],"wp:term":[{"taxonomy":"category","embeddable":true,"href":"https:\/\/www.jdx.info\/lutte\/wp-json\/wp\/v2\/categories?post=42702"},{"taxonomy":"post_tag","embeddable":true,"href":"https:\/\/www.jdx.info\/lutte\/wp-json\/wp\/v2\/tags?post=42702"},{"taxonomy":"author","embeddable":true,"href":"https:\/\/www.jdx.info\/lutte\/wp-json\/wp\/v2\/ppma_author?post=42702"}],"curies":[{"name":"wp","href":"https:\/\/api.w.org\/{rel}","templated":true}]}}