{"id":42466,"date":"2020-12-21T15:42:36","date_gmt":"2020-12-21T20:42:36","guid":{"rendered":"http:\/\/www.jdx.info\/lutte\/?p=42466"},"modified":"2020-12-21T15:42:39","modified_gmt":"2020-12-21T20:42:39","slug":"la-wwe-annonce-une-mise-a-jour-des-blessures-de-lana","status":"publish","type":"post","link":"https:\/\/www.jdx.info\/lutte\/2020\/12\/21\/la-wwe-annonce-une-mise-a-jour-des-blessures-de-lana\/","title":{"rendered":"La WWE Annonce Une Mise \u00e0 Jour des Blessures de Lana"},"content":{"rendered":"\n<p>La WWE a publi\u00e9 une mise \u00e0 jour sur la blessure de Lana lors du pay-per-view WWE TLC de dimanche.<\/p>\n\n\n\n<p>Il a \u00e9t\u00e9 not\u00e9 dans un commentaire que Lana avait subi une blessure MCL au genou gauche et une fracture de la t\u00eate radiale non d\u00e9plac\u00e9e de son coude gauche lors de l&rsquo;attaque RAW de lundi dernier par Shayna Baszler et Nia Jax.<\/p>\n\n\n\n<p>La WWE n&rsquo;a pas annonc\u00e9 quand Lana reviendrait de la blessure du sc\u00e9nario, mais il a \u00e9t\u00e9 rapport\u00e9 qu&rsquo;elle devrait \u00eatre hors de la t\u00e9l\u00e9vision pendant plusieurs semaines.<\/p>\n\n\n\n<p>Comme indiqu\u00e9\u00a0, Charlotte Flair est revenue \u00e0 TLC et a remplac\u00e9 Lana en tant que partenaire myst\u00e8re de la championne f\u00e9minine de RAW Asuka.\u00a0Ils ont battu Jax et Baszler pour devenir les nouvelles champions par \u00e9quipe f\u00e9minine de la WWE.<\/p>\n\n\n\n<p>Pour ceux qui l&rsquo;ont manqu\u00e9, Lana a tweet\u00e9 avant TLC et a \u00e9crit : \u00abJe n&rsquo;ai jamais travaill\u00e9 plus dur de ma vie pour m&rsquo;am\u00e9liorer.&nbsp;J&rsquo;ai vraiment le c\u0153ur bris\u00e9 d&rsquo;\u00eatre retir\u00e9 de #WWETLC \u00bb<\/p>\n\n\n\n<p>Restez \u00e0 l&rsquo;\u00e9coute pour en savoir plus sur le statut de Lana.<\/p>\n\n\n\n<p><br><\/p>\n<p><\/p>","protected":false},"excerpt":{"rendered":"<p>La WWE a publi\u00e9 une mise \u00e0 jour sur la blessure de Lana lors du pay-per-view WWE TLC de dimanche. Il a \u00e9t\u00e9 not\u00e9 dans un commentaire que Lana avait subi une blessure MCL au genou gauche et une fracture de la t\u00eate radiale non d\u00e9plac\u00e9e de son coude gauche lors de l&rsquo;attaque RAW de&#8230;<\/p>\n","protected":false},"author":665,"featured_media":42489,"comment_status":"open","ping_status":"closed","sticky":false,"template":"","format":"standard","meta":{"footnotes":""},"categories":[4,43,23],"tags":[],"ppma_author":[289],"class_list":["post-42466","post","type-post","status-publish","format-standard","has-post-thumbnail","hentry","category-news","category-raw-wwe","category-wwe"],"authors":[{"term_id":289,"user_id":665,"is_guest":0,"slug":"line","display_name":"Line Edmond","avatar_url":"https:\/\/secure.gravatar.com\/avatar\/852de09636413c90cdaa278312f9ea5bc4396768745424755cb63d99a05989d0?s=96&d=mm&r=g","0":null,"1":"","2":"","3":"","4":"","5":"","6":"","7":"","8":""}],"_links":{"self":[{"href":"https:\/\/www.jdx.info\/lutte\/wp-json\/wp\/v2\/posts\/42466","targetHints":{"allow":["GET"]}}],"collection":[{"href":"https:\/\/www.jdx.info\/lutte\/wp-json\/wp\/v2\/posts"}],"about":[{"href":"https:\/\/www.jdx.info\/lutte\/wp-json\/wp\/v2\/types\/post"}],"author":[{"embeddable":true,"href":"https:\/\/www.jdx.info\/lutte\/wp-json\/wp\/v2\/users\/665"}],"replies":[{"embeddable":true,"href":"https:\/\/www.jdx.info\/lutte\/wp-json\/wp\/v2\/comments?post=42466"}],"version-history":[{"count":2,"href":"https:\/\/www.jdx.info\/lutte\/wp-json\/wp\/v2\/posts\/42466\/revisions"}],"predecessor-version":[{"id":42490,"href":"https:\/\/www.jdx.info\/lutte\/wp-json\/wp\/v2\/posts\/42466\/revisions\/42490"}],"wp:featuredmedia":[{"embeddable":true,"href":"https:\/\/www.jdx.info\/lutte\/wp-json\/wp\/v2\/media\/42489"}],"wp:attachment":[{"href":"https:\/\/www.jdx.info\/lutte\/wp-json\/wp\/v2\/media?parent=42466"}],"wp:term":[{"taxonomy":"category","embeddable":true,"href":"https:\/\/www.jdx.info\/lutte\/wp-json\/wp\/v2\/categories?post=42466"},{"taxonomy":"post_tag","embeddable":true,"href":"https:\/\/www.jdx.info\/lutte\/wp-json\/wp\/v2\/tags?post=42466"},{"taxonomy":"author","embeddable":true,"href":"https:\/\/www.jdx.info\/lutte\/wp-json\/wp\/v2\/ppma_author?post=42466"}],"curies":[{"name":"wp","href":"https:\/\/api.w.org\/{rel}","templated":true}]}}