{"id":42341,"date":"2020-12-20T14:09:14","date_gmt":"2020-12-20T19:09:14","guid":{"rendered":"http:\/\/www.jdx.info\/lutte\/?p=42341"},"modified":"2020-12-20T14:09:16","modified_gmt":"2020-12-20T19:09:16","slug":"la-aew-enregistre-deux-noms-pour-leurs-shows-teles","status":"publish","type":"post","link":"https:\/\/www.jdx.info\/lutte\/2020\/12\/20\/la-aew-enregistre-deux-noms-pour-leurs-shows-teles\/","title":{"rendered":"La AEW Enregistre Deux Noms Pour Leurs Shows T\u00e9l\u00e9s!"},"content":{"rendered":"\n<p>On apprend aujourd&rsquo;hui via Heel By Nature que la AEW a fait le d\u00e9p\u00f4t de deux marques de commerce dans la cat\u00e9gorie de productions visuel de pro-wrestling et d&rsquo;\u00e9v\u00e8nements.<\/p>\n\n\n\n<p>La premi\u00e8re, il s&rsquo;agit de \u00a0\u00bbAEW Dark\u00a0\u00bb, le show hebdomadaire tous les mardis sur Youtube. Et la deuxi\u00e8me est \u00a0\u00bbAEW Elevation\u00a0\u00bb, un nom qui n&rsquo;a jamais \u00e9t\u00e9 utilis\u00e9 jusqu&rsquo;\u00e0 pr\u00e9sent par la compagnie.<\/p>\n\n\n\n<p>\u00c0 l&rsquo;heure actuelle, on ne sait pas dans quelle circonstance sera utilis\u00e9 le nom \u00a0\u00bbAEW Elevation\u00a0\u00bb, mais depuis le d\u00e9but de l&rsquo;ann\u00e9e 2020, on sait que la compagnie avait pour objectif de lancer un deuxi\u00e8me show diffus\u00e9 \u00e0 la t\u00e9l\u00e9vision en plus de Dynamite. Malheureusement, la pand\u00e9mie de la COVID-19 en a d\u00e9cid\u00e9 autrement et Tony Khan a expliqu\u00e9 que\u00a0le projet a \u00e9t\u00e9 repouss\u00e9 en 2021.<\/p>\n\n\n\n<p>S&rsquo;il s&rsquo;agit du troisi\u00e8me show de la AEW, on pourrait aussi confirmer\u00a0avec ce nom qu&rsquo;il va s&rsquo;agir d&rsquo;un show pour \u00a0\u00bb\u00e9lever\u00a0\u00bb les prochaines stars de la compagnie qui manquent de temps d&rsquo;antenne sur Dynamite, comme ils ont seulement deux heures. Nous aurons plus de d\u00e9tails prochainement.<\/p>\n<p><\/p>","protected":false},"excerpt":{"rendered":"<p>On apprend aujourd&rsquo;hui via Heel By Nature que la AEW a fait le d\u00e9p\u00f4t de deux marques de commerce dans la cat\u00e9gorie de productions visuel de pro-wrestling et d&rsquo;\u00e9v\u00e8nements. La premi\u00e8re, il s&rsquo;agit de \u00a0\u00bbAEW Dark\u00a0\u00bb, le show hebdomadaire tous les mardis sur Youtube. Et la deuxi\u00e8me est \u00a0\u00bbAEW Elevation\u00a0\u00bb, un nom qui n&rsquo;a jamais&#8230;<\/p>\n","protected":false},"author":4,"featured_media":42344,"comment_status":"open","ping_status":"closed","sticky":false,"template":"","format":"standard","meta":{"footnotes":""},"categories":[38,24,4],"tags":[],"ppma_author":[292],"class_list":["post-42341","post","type-post","status-publish","format-standard","has-post-thumbnail","hentry","category-aew","category-aew-impact-njpw-roh","category-news"],"authors":[{"term_id":292,"user_id":4,"is_guest":0,"slug":"jean","display_name":"Jean Vinnier","avatar_url":"https:\/\/secure.gravatar.com\/avatar\/33aba0263fd870a0b487e0e079ff407e10e3997c9d2987cbcc0db0db2c5c75a9?s=96&d=mm&r=g","0":null,"1":"","2":"","3":"","4":"","5":"","6":"","7":"","8":""}],"_links":{"self":[{"href":"https:\/\/www.jdx.info\/lutte\/wp-json\/wp\/v2\/posts\/42341","targetHints":{"allow":["GET"]}}],"collection":[{"href":"https:\/\/www.jdx.info\/lutte\/wp-json\/wp\/v2\/posts"}],"about":[{"href":"https:\/\/www.jdx.info\/lutte\/wp-json\/wp\/v2\/types\/post"}],"author":[{"embeddable":true,"href":"https:\/\/www.jdx.info\/lutte\/wp-json\/wp\/v2\/users\/4"}],"replies":[{"embeddable":true,"href":"https:\/\/www.jdx.info\/lutte\/wp-json\/wp\/v2\/comments?post=42341"}],"version-history":[{"count":1,"href":"https:\/\/www.jdx.info\/lutte\/wp-json\/wp\/v2\/posts\/42341\/revisions"}],"predecessor-version":[{"id":42345,"href":"https:\/\/www.jdx.info\/lutte\/wp-json\/wp\/v2\/posts\/42341\/revisions\/42345"}],"wp:featuredmedia":[{"embeddable":true,"href":"https:\/\/www.jdx.info\/lutte\/wp-json\/wp\/v2\/media\/42344"}],"wp:attachment":[{"href":"https:\/\/www.jdx.info\/lutte\/wp-json\/wp\/v2\/media?parent=42341"}],"wp:term":[{"taxonomy":"category","embeddable":true,"href":"https:\/\/www.jdx.info\/lutte\/wp-json\/wp\/v2\/categories?post=42341"},{"taxonomy":"post_tag","embeddable":true,"href":"https:\/\/www.jdx.info\/lutte\/wp-json\/wp\/v2\/tags?post=42341"},{"taxonomy":"author","embeddable":true,"href":"https:\/\/www.jdx.info\/lutte\/wp-json\/wp\/v2\/ppma_author?post=42341"}],"curies":[{"name":"wp","href":"https:\/\/api.w.org\/{rel}","templated":true}]}}