{"id":41829,"date":"2020-12-08T20:41:55","date_gmt":"2020-12-09T01:41:55","guid":{"rendered":"http:\/\/www.jdx.info\/lutte\/?p=41829"},"modified":"2020-12-08T20:41:58","modified_gmt":"2020-12-09T01:41:58","slug":"la-wwe-quitte-le-amway-center-et-demenage-son-thunderdome-les-premieres-photos-exclusives","status":"publish","type":"post","link":"https:\/\/www.jdx.info\/lutte\/2020\/12\/08\/la-wwe-quitte-le-amway-center-et-demenage-son-thunderdome-les-premieres-photos-exclusives\/","title":{"rendered":"La WWE Quitte Le Amway Center et D\u00e9m\u00e9nage Son Thunderdome! Les Premi\u00e8res Photos Exclusives!"},"content":{"rendered":"\n<p>La WWE a officiellement termin\u00e9 sa r\u00e9sidence au Amway Center d\u2019Orlando, en Floride, avec le RAW lundi soir sur le USA Network. Un repr\u00e9sentant de l&rsquo;ar\u00e9na s&rsquo;est rendue sur Twitter mardi pour remercier la WWE d&rsquo;avoir introduit The ThunderDome dans leur amphith\u00e9\u00e2tre. <\/p>\n\n\n\n<p>\u00abApr\u00e8s 119 jours et 37 \u00e9missions, la @WWE a organis\u00e9 sa derni\u00e8re \u00e9mission depuis le Amway Center. Nous avons ador\u00e9 accueillir tous les incroyables fans de la WWE dans l&rsquo;ar\u00e8ne pratiquement au cours des quatre derniers mois et nous ne pouvons pas attendre que notre famille WWE revienne bient\u00f4t \u00e0 Orlando! #ThankYouWWE \u00bb<\/p>\n\n\n\n<p>Vous pouvez voir leur tweet complet ci-dessous:<\/p>\n\n\n\n<center><blockquote class=\"twitter-tweet\"><p lang=\"en\" dir=\"ltr\">After a record-breaking 119 days &amp; 37 shows, <a href=\"https:\/\/twitter.com\/WWE?ref_src=twsrc%5Etfw\">@WWE<\/a> hosted its final broadcast from Amway Center. We loved welcoming all the incredible WWE fans into the arena virtually over the last four months and we can\u2019t wait until our WWE family returns to Orlando again soon! <a href=\"https:\/\/twitter.com\/hashtag\/ThankYouWWE?src=hash&amp;ref_src=twsrc%5Etfw\">#ThankYouWWE<\/a> <a href=\"https:\/\/t.co\/ALoVlXy7CR\">pic.twitter.com\/ALoVlXy7CR<\/a><\/p>&mdash; Amway Center (@AmwayCenter) <a href=\"https:\/\/twitter.com\/AmwayCenter\/status\/1336405449663524868?ref_src=twsrc%5Etfw\">December 8, 2020<\/a><\/blockquote> <script async src=\"https:\/\/platform.twitter.com\/widgets.js\" charset=\"utf-8\"><\/script><\/center>\n\n\n\n<p>Dans le m\u00eame ordre d&rsquo;id\u00e9es, la construction du WWE ThunderDome se poursuit au Tropicana Field \u00e0 Saint-P\u00e9tersbourg, en Floride. La WWE commencera sa r\u00e9sidence au stade en forme de d\u00f4me avec l&rsquo;\u00e9pisode SmackDown sur FOX de ce vendredi.<\/p>\n\n\n\n<p>Avec l&rsquo;aimable autorisation de Justin Barrasso de Sports Illustrated, vous trouverez ci-dessous une nouvelle photo et une nouvelle vid\u00e9o des \u00e9quipes de la WWE travaillant \u00e0 The Trop, ainsi que les premiers clich\u00e9s r\u00e9v\u00e9l\u00e9s lundi:<\/p>\n\n\n\n<center><blockquote class=\"twitter-tweet\"><p lang=\"en\" dir=\"ltr\">WWE\u2019s ThunderDome at Tropicana Field continues to develop &#8212; the venue is set to make its debut at the Trop this Friday for SmackDown <a href=\"https:\/\/t.co\/rOaYSjLWHy\">pic.twitter.com\/rOaYSjLWHy<\/a><\/p>&mdash; Justin Barrasso (@JustinBarrasso) <a href=\"https:\/\/twitter.com\/JustinBarrasso\/status\/1336408246421245963?ref_src=twsrc%5Etfw\">December 8, 2020<\/a><\/blockquote> <script async src=\"https:\/\/platform.twitter.com\/widgets.js\" charset=\"utf-8\"><\/script>\n<blockquote class=\"twitter-tweet\"><p lang=\"en\" dir=\"ltr\">WWE\u2019s ThunderDome makes its Tropicana Field debut this Friday during SmackDown &#8212; here is a view high above ringside from the catwalk <a href=\"https:\/\/t.co\/fMLsh5gZrH\">pic.twitter.com\/fMLsh5gZrH<\/a><\/p>&mdash; Justin Barrasso (@JustinBarrasso) <a href=\"https:\/\/twitter.com\/JustinBarrasso\/status\/1336123212975968256?ref_src=twsrc%5Etfw\">December 8, 2020<\/a><\/blockquote> <script async src=\"https:\/\/platform.twitter.com\/widgets.js\" charset=\"utf-8\"><\/script>\n<blockquote class=\"twitter-tweet\"><p lang=\"en\" dir=\"ltr\">A source inside Tropicana Field just passed this along: your first look at the new <a href=\"https:\/\/twitter.com\/hashtag\/WWE?src=hash&amp;ref_src=twsrc%5Etfw\">#WWE<\/a> ThunderDome at the home of the <a href=\"https:\/\/twitter.com\/hashtag\/Rays?src=hash&amp;ref_src=twsrc%5Etfw\">#Rays<\/a>. First show there will be this Friday, final Orlando show at Amway Center is tonight with <a href=\"https:\/\/twitter.com\/hashtag\/RAW?src=hash&amp;ref_src=twsrc%5Etfw\">#RAW<\/a>. <a href=\"https:\/\/twitter.com\/MyNews13?ref_src=twsrc%5Etfw\">@MyNews13<\/a> <a href=\"https:\/\/twitter.com\/BN9?ref_src=twsrc%5Etfw\">@BN9<\/a> <a href=\"https:\/\/t.co\/GEL5HmOWou\">pic.twitter.com\/GEL5HmOWou<\/a><\/p>&mdash; Jon Alba (@JonAlba) <a href=\"https:\/\/twitter.com\/JonAlba\/status\/1336069102784425988?ref_src=twsrc%5Etfw\">December 7, 2020<\/a><\/blockquote> <script async src=\"https:\/\/platform.twitter.com\/widgets.js\" charset=\"utf-8\"><\/script>\n<blockquote class=\"twitter-tweet\"><p lang=\"en\" dir=\"ltr\">Source passed along video from inside Tropicana Field of the new <a href=\"https:\/\/twitter.com\/hashtag\/WWE?src=hash&amp;ref_src=twsrc%5Etfw\">#WWE<\/a> ThunderDome. Shows you the true scale of it inside the Trop. <a href=\"https:\/\/twitter.com\/hashtag\/Rays?src=hash&amp;ref_src=twsrc%5Etfw\">#Rays<\/a> <a href=\"https:\/\/twitter.com\/BN9?ref_src=twsrc%5Etfw\">@BN9<\/a> <a href=\"https:\/\/t.co\/HwyXyOH4d0\">pic.twitter.com\/HwyXyOH4d0<\/a><\/p>&mdash; Jon Alba (@JonAlba) <a href=\"https:\/\/twitter.com\/JonAlba\/status\/1336105502498025477?ref_src=twsrc%5Etfw\">December 8, 2020<\/a><\/blockquote> <script async src=\"https:\/\/platform.twitter.com\/widgets.js\" charset=\"utf-8\"><\/script>\n<p><\/p>","protected":false},"excerpt":{"rendered":"<p>La WWE a officiellement termin\u00e9 sa r\u00e9sidence au Amway Center d\u2019Orlando, en Floride, avec le RAW lundi soir sur le USA Network. Un repr\u00e9sentant de l&rsquo;ar\u00e9na s&rsquo;est rendue sur Twitter mardi pour remercier la WWE d&rsquo;avoir introduit The ThunderDome dans leur amphith\u00e9\u00e2tre. \u00abApr\u00e8s 119 jours et 37 \u00e9missions, la @WWE a organis\u00e9 sa derni\u00e8re \u00e9mission&#8230;<\/p>\n","protected":false},"author":2,"featured_media":41830,"comment_status":"open","ping_status":"closed","sticky":false,"template":"","format":"standard","meta":{"footnotes":""},"categories":[4,43,36,23],"tags":[],"ppma_author":[287],"class_list":["post-41829","post","type-post","status-publish","format-standard","has-post-thumbnail","hentry","category-news","category-raw-wwe","category-smackdown","category-wwe"],"authors":[{"term_id":287,"user_id":2,"is_guest":0,"slug":"jason","display_name":"Jason Desc\u00f4teaux","avatar_url":"https:\/\/secure.gravatar.com\/avatar\/f64adf6d13198c3a532c061cecd8672089a1e9a3d07c702dffe886a7e55a15eb?s=96&d=mm&r=g","0":null,"1":"","2":"","3":"","4":"","5":"","6":"","7":"","8":""}],"_links":{"self":[{"href":"https:\/\/www.jdx.info\/lutte\/wp-json\/wp\/v2\/posts\/41829","targetHints":{"allow":["GET"]}}],"collection":[{"href":"https:\/\/www.jdx.info\/lutte\/wp-json\/wp\/v2\/posts"}],"about":[{"href":"https:\/\/www.jdx.info\/lutte\/wp-json\/wp\/v2\/types\/post"}],"author":[{"embeddable":true,"href":"https:\/\/www.jdx.info\/lutte\/wp-json\/wp\/v2\/users\/2"}],"replies":[{"embeddable":true,"href":"https:\/\/www.jdx.info\/lutte\/wp-json\/wp\/v2\/comments?post=41829"}],"version-history":[{"count":1,"href":"https:\/\/www.jdx.info\/lutte\/wp-json\/wp\/v2\/posts\/41829\/revisions"}],"predecessor-version":[{"id":41831,"href":"https:\/\/www.jdx.info\/lutte\/wp-json\/wp\/v2\/posts\/41829\/revisions\/41831"}],"wp:featuredmedia":[{"embeddable":true,"href":"https:\/\/www.jdx.info\/lutte\/wp-json\/wp\/v2\/media\/41830"}],"wp:attachment":[{"href":"https:\/\/www.jdx.info\/lutte\/wp-json\/wp\/v2\/media?parent=41829"}],"wp:term":[{"taxonomy":"category","embeddable":true,"href":"https:\/\/www.jdx.info\/lutte\/wp-json\/wp\/v2\/categories?post=41829"},{"taxonomy":"post_tag","embeddable":true,"href":"https:\/\/www.jdx.info\/lutte\/wp-json\/wp\/v2\/tags?post=41829"},{"taxonomy":"author","embeddable":true,"href":"https:\/\/www.jdx.info\/lutte\/wp-json\/wp\/v2\/ppma_author?post=41829"}],"curies":[{"name":"wp","href":"https:\/\/api.w.org\/{rel}","templated":true}]}}