{"id":41807,"date":"2020-12-08T11:51:27","date_gmt":"2020-12-08T16:51:27","guid":{"rendered":"http:\/\/www.jdx.info\/lutte\/?p=41807"},"modified":"2020-12-08T12:25:22","modified_gmt":"2020-12-08T17:25:22","slug":"shaq-oneal-fera-ses-debut-a-la-aew-pendant-que-le-champion-kenny-omega-sera-a-impact","status":"publish","type":"post","link":"https:\/\/www.jdx.info\/lutte\/2020\/12\/08\/shaq-oneal-fera-ses-debut-a-la-aew-pendant-que-le-champion-kenny-omega-sera-a-impact\/","title":{"rendered":"SHAQ O&rsquo;Neal Fera Ses D\u00e9but \u00e0 la AEW Pendant que le Champion Kenny Omega Sera \u00e0 Impact!"},"content":{"rendered":"\n<p>La AEW a annonc\u00e9 que Shaquille O&rsquo;Neal fera sa premi\u00e8re apparition \u00e0 Dynamite cette semain, soit le 9 d\u00e9cembre 2020, et va s&rsquo;adresser aux fans dans une interview avec Tony Schiavone.<\/p>\n\n\n\n<p>Comme annonc\u00e9 il y a quelques semaines, Shaq \u00e9tait dans les backstages de la AEW lors du mois de novembre, alors qu&rsquo;il pr\u00e9parait ses d\u00e9buts pour la compagnie. L&rsquo;histoire a commenc\u00e9 tandis que Jade Cargill a fait ses d\u00e9buts en confrontant Cody Rhodes et d\u00e9clarant que la vraie star est le g\u00e9ant portant le nom \u00a0\u00bbShaq\u00a0\u00bb. Est-ce qu&rsquo;elle parlait vraiment de la l\u00e9gende de la NBA ? Nous aurons la r\u00e9ponse \u00e0 cette question ce mercredi pendant Dynamite.<\/p>\n\n\n\n<p>&#8211; Et parlant de grand d\u00e9but, Kenny Omega sera ce soir \u00e0 Impact avec  Don Callis . <a href=\"https:\/\/www.jdx.info\/lutte\/2020\/12\/08\/ce-soir-a-impact\/\">Pour plus de d\u00e9tails, cliquez ici.<\/a><\/p>\n\n\n\n<center><blockquote class=\"twitter-tweet\"><p lang=\"en\" dir=\"ltr\">BREAKING NEWS<a href=\"https:\/\/twitter.com\/SHAQ?ref_src=twsrc%5Etfw\">@Shaq<\/a> addresses <a href=\"https:\/\/twitter.com\/hashtag\/AEW?src=hash&amp;ref_src=twsrc%5Etfw\">#AEW<\/a> with <a href=\"https:\/\/twitter.com\/tonyschiavone24?ref_src=twsrc%5Etfw\">@tonyschiavone24<\/a>!<br><br>Watch <a href=\"https:\/\/twitter.com\/hashtag\/AEWDynamite?src=hash&amp;ref_src=twsrc%5Etfw\">#AEWDynamite<\/a> this Wednesday night on <a href=\"https:\/\/twitter.com\/tntdrama?ref_src=twsrc%5Etfw\">@TNTDrama<\/a> 8e\/7c or <a href=\"https:\/\/t.co\/GdI7QAsxEP\">https:\/\/t.co\/GdI7QAsxEP<\/a> by <a href=\"https:\/\/twitter.com\/FiteTV?ref_src=twsrc%5Etfw\">@FiteTV<\/a> for our International fans. <a href=\"https:\/\/twitter.com\/hashtag\/AEWonTNT?src=hash&amp;ref_src=twsrc%5Etfw\">#AEWonTNT<\/a> <a href=\"https:\/\/t.co\/447b0wIfnd\">pic.twitter.com\/447b0wIfnd<\/a><\/p>\u2014 All Elite Wrestling (@AEW) <a href=\"https:\/\/twitter.com\/AEW\/status\/1336158927881383940?ref_src=twsrc%5Etfw\">December 8, 2020<\/a><\/blockquote> <script async=\"\" src=\"https:\/\/platform.twitter.com\/widgets.js\" charset=\"utf-8\"><\/script><blockquote class=\"twitter-tweet\"><p lang=\"en\" dir=\"ltr\">TOMORROW at 8\/7c on <a href=\"https:\/\/twitter.com\/AXSTV?ref_src=twsrc%5Etfw\">@AXSTV<\/a> &#8211; it&rsquo;s the shocking fallout from the moment that rocked the wrestling world.<br><br>What will <a href=\"https:\/\/twitter.com\/AEW?ref_src=twsrc%5Etfw\">@AEW<\/a> World Champion <a href=\"https:\/\/twitter.com\/KennyOmegamanX?ref_src=twsrc%5Etfw\">@KennyOmegamanX<\/a> do on IMPACT? <a href=\"https:\/\/twitter.com\/hashtag\/IMPACTonAXSTV?src=hash&amp;ref_src=twsrc%5Etfw\">#IMPACTonAXSTV<\/a><br><br>How to watch IMPACT: <a href=\"https:\/\/t.co\/BpTn0pDhDL\">https:\/\/t.co\/BpTn0pDhDL<\/a> <a href=\"https:\/\/t.co\/7v9EkFHIQW\">pic.twitter.com\/7v9EkFHIQW<\/a><\/p>\u2014 IMPACT (@IMPACTWRESTLING) <a href=\"https:\/\/twitter.com\/IMPACTWRESTLING\/status\/1336114433249177600?ref_src=twsrc%5Etfw\">December 8, 2020<\/a><\/blockquote> <script async=\"\" src=\"https:\/\/platform.twitter.com\/widgets.js\" charset=\"utf-8\"><\/script><\/center>\n<p><\/p>","protected":false},"excerpt":{"rendered":"<p>La AEW a annonc\u00e9 que Shaquille O&rsquo;Neal fera sa premi\u00e8re apparition \u00e0 Dynamite cette semain, soit le 9 d\u00e9cembre 2020, et va s&rsquo;adresser aux fans dans une interview avec Tony Schiavone. Comme annonc\u00e9 il y a quelques semaines, Shaq \u00e9tait dans les backstages de la AEW lors du mois de novembre, alors qu&rsquo;il pr\u00e9parait ses&#8230;<\/p>\n","protected":false},"author":4,"featured_media":41809,"comment_status":"open","ping_status":"closed","sticky":false,"template":"","format":"standard","meta":{"footnotes":""},"categories":[38,24,4,41],"tags":[],"ppma_author":[292],"class_list":["post-41807","post","type-post","status-publish","format-standard","has-post-thumbnail","hentry","category-aew","category-aew-impact-njpw-roh","category-news","category-tna-impact"],"authors":[{"term_id":292,"user_id":4,"is_guest":0,"slug":"jean","display_name":"Jean Vinnier","avatar_url":"https:\/\/secure.gravatar.com\/avatar\/33aba0263fd870a0b487e0e079ff407e10e3997c9d2987cbcc0db0db2c5c75a9?s=96&d=mm&r=g","0":null,"1":"","2":"","3":"","4":"","5":"","6":"","7":"","8":""}],"_links":{"self":[{"href":"https:\/\/www.jdx.info\/lutte\/wp-json\/wp\/v2\/posts\/41807","targetHints":{"allow":["GET"]}}],"collection":[{"href":"https:\/\/www.jdx.info\/lutte\/wp-json\/wp\/v2\/posts"}],"about":[{"href":"https:\/\/www.jdx.info\/lutte\/wp-json\/wp\/v2\/types\/post"}],"author":[{"embeddable":true,"href":"https:\/\/www.jdx.info\/lutte\/wp-json\/wp\/v2\/users\/4"}],"replies":[{"embeddable":true,"href":"https:\/\/www.jdx.info\/lutte\/wp-json\/wp\/v2\/comments?post=41807"}],"version-history":[{"count":4,"href":"https:\/\/www.jdx.info\/lutte\/wp-json\/wp\/v2\/posts\/41807\/revisions"}],"predecessor-version":[{"id":41813,"href":"https:\/\/www.jdx.info\/lutte\/wp-json\/wp\/v2\/posts\/41807\/revisions\/41813"}],"wp:featuredmedia":[{"embeddable":true,"href":"https:\/\/www.jdx.info\/lutte\/wp-json\/wp\/v2\/media\/41809"}],"wp:attachment":[{"href":"https:\/\/www.jdx.info\/lutte\/wp-json\/wp\/v2\/media?parent=41807"}],"wp:term":[{"taxonomy":"category","embeddable":true,"href":"https:\/\/www.jdx.info\/lutte\/wp-json\/wp\/v2\/categories?post=41807"},{"taxonomy":"post_tag","embeddable":true,"href":"https:\/\/www.jdx.info\/lutte\/wp-json\/wp\/v2\/tags?post=41807"},{"taxonomy":"author","embeddable":true,"href":"https:\/\/www.jdx.info\/lutte\/wp-json\/wp\/v2\/ppma_author?post=41807"}],"curies":[{"name":"wp","href":"https:\/\/api.w.org\/{rel}","templated":true}]}}