{"id":41712,"date":"2020-12-08T07:40:38","date_gmt":"2020-12-08T12:40:38","guid":{"rendered":"http:\/\/www.jdx.info\/lutte\/?p=41712"},"modified":"2020-12-08T07:40:44","modified_gmt":"2020-12-08T12:40:44","slug":"la-wwe-mettra-elle-charlotte-flair-et-andrade-ensemble","status":"publish","type":"post","link":"https:\/\/www.jdx.info\/lutte\/2020\/12\/08\/la-wwe-mettra-elle-charlotte-flair-et-andrade-ensemble\/","title":{"rendered":"La WWE mettra-elle Charlotte Flair et Andrade ensemble?"},"content":{"rendered":"\n<p>La WWE pourrait bient\u00f4t associer Charlotte Flair et son fianc\u00e9 Andrade dans les intrigues.<\/p>\n\n\n\n<p>Il a \u00e9t\u00e9 rapport\u00e9 aujourd&rsquo;hui par&nbsp;<a href=\"https:\/\/twitter.com\/WrestleVotes\/status\/1336015981785866247\" rel=\"noreferrer noopener\" target=\"_blank\">@Wrestlevotes<\/a>&nbsp;qu&rsquo;il a \u00e9t\u00e9 question de faire un jumelage \u00e0 l&rsquo;\u00e9cran avec Flair et Andrade \u00e0 leur retour \u00e0 la t\u00e9l\u00e9vision.&nbsp;L&rsquo;id\u00e9e derri\u00e8re le jumelage serait d&rsquo;utiliser le pouvoir de star de Flair pour aider \u00e0 \u00e9lever Andrade dans la sc\u00e8ne principale de l&rsquo;\u00e9v\u00e9nement.<\/p>\n\n\n\n<p>Il convient de noter que l&rsquo;id\u00e9e a \u00e9t\u00e9 discut\u00e9e, mais pas encore d\u00e9cid\u00e9e \u00e0 ce stade.<\/p>\n\n\n\n<p>Andrade n&rsquo;a pas lutt\u00e9 depuis sa d\u00e9faite face \u00e0 Angel Garza \u00e0 la mi-octobre.\u00a0Il a subi une proc\u00e9dure \u00e9lective mineure peu de temps apr\u00e8s le rep\u00eachage de la WWE 2020, c&rsquo;est pourquoi il n&rsquo;a pas \u00e9t\u00e9 officiellement r\u00e9dig\u00e9.\u00a0Il devait alors \u00eatre hors de combat pendant environ un mois et la rumeur disait que la WWE voulait le pousser \u00e0 son retour.\u00a0Andrade a \u00e9t\u00e9 associ\u00e9 pour la derni\u00e8re fois avec l&rsquo;ancienne superstar de la WWE Zelina Vega, mais le draft 2020 a mis fin \u00e0 cette alliance et Vega a depuis \u00e9t\u00e9 lib\u00e9r\u00e9e.\u00a0Flair a \u00e9t\u00e9 r\u00e9dig\u00e9 pour la marque RAW lors du draft de la WWE 2020, mais est absente depuis juin apr\u00e8s une pause pour un cong\u00e9 et une proc\u00e9dure cosm\u00e9tique.\u00a0Il n&rsquo;y a pas de mot ferme sur la date de son retour, mais elle \u00e9tait attendue pour la fin de cette ann\u00e9e et la saison de WrestleMania 37.<\/p>\n\n\n\n<p> On ne sait pas encore quand Flair et Andrade seront de retour sur RAW TV.&nbsp;Restez \u00e0 l&rsquo;aff\u00fbt des mises \u00e0 jour. <\/p>\n<p><\/p>","protected":false},"excerpt":{"rendered":"<p>La WWE pourrait bient\u00f4t associer Charlotte Flair et son fianc\u00e9 Andrade dans les intrigues. Il a \u00e9t\u00e9 rapport\u00e9 aujourd&rsquo;hui par&nbsp;@Wrestlevotes&nbsp;qu&rsquo;il a \u00e9t\u00e9 question de faire un jumelage \u00e0 l&rsquo;\u00e9cran avec Flair et Andrade \u00e0 leur retour \u00e0 la t\u00e9l\u00e9vision.&nbsp;L&rsquo;id\u00e9e derri\u00e8re le jumelage serait d&rsquo;utiliser le pouvoir de star de Flair pour aider \u00e0 \u00e9lever Andrade&#8230;<\/p>\n","protected":false},"author":665,"featured_media":41787,"comment_status":"open","ping_status":"closed","sticky":false,"template":"","format":"standard","meta":{"footnotes":""},"categories":[4,43,23],"tags":[],"ppma_author":[289],"class_list":["post-41712","post","type-post","status-publish","format-standard","has-post-thumbnail","hentry","category-news","category-raw-wwe","category-wwe"],"authors":[{"term_id":289,"user_id":665,"is_guest":0,"slug":"line","display_name":"Line Edmond","avatar_url":"https:\/\/secure.gravatar.com\/avatar\/852de09636413c90cdaa278312f9ea5bc4396768745424755cb63d99a05989d0?s=96&d=mm&r=g","0":null,"1":"","2":"","3":"","4":"","5":"","6":"","7":"","8":""}],"_links":{"self":[{"href":"https:\/\/www.jdx.info\/lutte\/wp-json\/wp\/v2\/posts\/41712","targetHints":{"allow":["GET"]}}],"collection":[{"href":"https:\/\/www.jdx.info\/lutte\/wp-json\/wp\/v2\/posts"}],"about":[{"href":"https:\/\/www.jdx.info\/lutte\/wp-json\/wp\/v2\/types\/post"}],"author":[{"embeddable":true,"href":"https:\/\/www.jdx.info\/lutte\/wp-json\/wp\/v2\/users\/665"}],"replies":[{"embeddable":true,"href":"https:\/\/www.jdx.info\/lutte\/wp-json\/wp\/v2\/comments?post=41712"}],"version-history":[{"count":2,"href":"https:\/\/www.jdx.info\/lutte\/wp-json\/wp\/v2\/posts\/41712\/revisions"}],"predecessor-version":[{"id":41788,"href":"https:\/\/www.jdx.info\/lutte\/wp-json\/wp\/v2\/posts\/41712\/revisions\/41788"}],"wp:featuredmedia":[{"embeddable":true,"href":"https:\/\/www.jdx.info\/lutte\/wp-json\/wp\/v2\/media\/41787"}],"wp:attachment":[{"href":"https:\/\/www.jdx.info\/lutte\/wp-json\/wp\/v2\/media?parent=41712"}],"wp:term":[{"taxonomy":"category","embeddable":true,"href":"https:\/\/www.jdx.info\/lutte\/wp-json\/wp\/v2\/categories?post=41712"},{"taxonomy":"post_tag","embeddable":true,"href":"https:\/\/www.jdx.info\/lutte\/wp-json\/wp\/v2\/tags?post=41712"},{"taxonomy":"author","embeddable":true,"href":"https:\/\/www.jdx.info\/lutte\/wp-json\/wp\/v2\/ppma_author?post=41712"}],"curies":[{"name":"wp","href":"https:\/\/api.w.org\/{rel}","templated":true}]}}