{"id":41291,"date":"2020-11-28T16:13:26","date_gmt":"2020-11-28T21:13:26","guid":{"rendered":"http:\/\/www.jdx.info\/lutte\/?p=41291"},"modified":"2020-11-28T16:13:30","modified_gmt":"2020-11-28T21:13:30","slug":"vice-tv-aurait-arrete-lepisode-de-dark-side-of-the-ring-axe-sur-chyna","status":"publish","type":"post","link":"https:\/\/www.jdx.info\/lutte\/2020\/11\/28\/vice-tv-aurait-arrete-lepisode-de-dark-side-of-the-ring-axe-sur-chyna\/","title":{"rendered":"VICE TV aurait arr\u00eat\u00e9  l&rsquo;\u00e9pisode de Dark Side of The Ring ax\u00e9 sur Chyna!"},"content":{"rendered":"\n<p>Il semble que la s\u00e9rie \u00e0 succ\u00e8s Dark Side of the Ring de VICE TV ne fera plus d&rsquo;\u00e9pisode sur la l\u00e9gende de la lutte professionnelle, Chyna.<\/p>\n\n\n\n<p>Le producteur de Dark Side of the Ring, Evan Husney, a publi\u00e9 une d\u00e9claration \u00e0 Wrestling Inc. plus t\u00f4t dans la journ\u00e9e, r\u00e9v\u00e9lant la nouvelle, d\u00e9clarant qu&rsquo;en raison de plusieurs autres projets en cours sur la neuvi\u00e8me merveille du monde, le r\u00e9seau avait d\u00e9cid\u00e9 de ne pas poursuivre le sujet.<\/p>\n\n\n\n<blockquote class=\"wp-block-quote is-layout-flow wp-block-quote-is-layout-flow\"><p>Il n&rsquo;y a pas de plans pour un \u00e9pisode sur Chyna pour la prochaine saison de Dark Side of the Ring.&nbsp;Au d\u00e9but de la pr\u00e9-production plus t\u00f4t cette ann\u00e9e, nous avons pris connaissance de plusieurs projets qui \u00e9taient actuellement en production sur Chyna et nous avons donc finalement d\u00e9cid\u00e9 de ne pas poursuivre cela comme sujet futur.<\/p><\/blockquote>\n\n\n\n<p>Le rapport de Wrestling Inc. a \u00e9galement une interview avec l&rsquo;ami de longue date de Chyna, Anthony Anzaldo, qui dit que VICE l&rsquo;a approch\u00e9 pour obtenir les droits sur l&rsquo;histoire de Chyna, mais dit qu&rsquo;il a sign\u00e9 un communiqu\u00e9 et ne leur donne plus la permission.<\/p>\n<p><\/p>","protected":false},"excerpt":{"rendered":"<p>Il semble que la s\u00e9rie \u00e0 succ\u00e8s Dark Side of the Ring de VICE TV ne fera plus d&rsquo;\u00e9pisode sur la l\u00e9gende de la lutte professionnelle, Chyna. Le producteur de Dark Side of the Ring, Evan Husney, a publi\u00e9 une d\u00e9claration \u00e0 Wrestling Inc. plus t\u00f4t dans la journ\u00e9e, r\u00e9v\u00e9lant la nouvelle, d\u00e9clarant qu&rsquo;en raison&#8230;<\/p>\n","protected":false},"author":665,"featured_media":41322,"comment_status":"open","ping_status":"closed","sticky":false,"template":"","format":"standard","meta":{"footnotes":""},"categories":[30,4,1],"tags":[],"ppma_author":[289],"class_list":["post-41291","post","type-post","status-publish","format-standard","has-post-thumbnail","hentry","category-ex-wwe","category-news","category-uncategorized"],"authors":[{"term_id":289,"user_id":665,"is_guest":0,"slug":"line","display_name":"Line Edmond","avatar_url":"https:\/\/secure.gravatar.com\/avatar\/852de09636413c90cdaa278312f9ea5bc4396768745424755cb63d99a05989d0?s=96&d=mm&r=g","0":null,"1":"","2":"","3":"","4":"","5":"","6":"","7":"","8":""}],"_links":{"self":[{"href":"https:\/\/www.jdx.info\/lutte\/wp-json\/wp\/v2\/posts\/41291","targetHints":{"allow":["GET"]}}],"collection":[{"href":"https:\/\/www.jdx.info\/lutte\/wp-json\/wp\/v2\/posts"}],"about":[{"href":"https:\/\/www.jdx.info\/lutte\/wp-json\/wp\/v2\/types\/post"}],"author":[{"embeddable":true,"href":"https:\/\/www.jdx.info\/lutte\/wp-json\/wp\/v2\/users\/665"}],"replies":[{"embeddable":true,"href":"https:\/\/www.jdx.info\/lutte\/wp-json\/wp\/v2\/comments?post=41291"}],"version-history":[{"count":2,"href":"https:\/\/www.jdx.info\/lutte\/wp-json\/wp\/v2\/posts\/41291\/revisions"}],"predecessor-version":[{"id":41323,"href":"https:\/\/www.jdx.info\/lutte\/wp-json\/wp\/v2\/posts\/41291\/revisions\/41323"}],"wp:featuredmedia":[{"embeddable":true,"href":"https:\/\/www.jdx.info\/lutte\/wp-json\/wp\/v2\/media\/41322"}],"wp:attachment":[{"href":"https:\/\/www.jdx.info\/lutte\/wp-json\/wp\/v2\/media?parent=41291"}],"wp:term":[{"taxonomy":"category","embeddable":true,"href":"https:\/\/www.jdx.info\/lutte\/wp-json\/wp\/v2\/categories?post=41291"},{"taxonomy":"post_tag","embeddable":true,"href":"https:\/\/www.jdx.info\/lutte\/wp-json\/wp\/v2\/tags?post=41291"},{"taxonomy":"author","embeddable":true,"href":"https:\/\/www.jdx.info\/lutte\/wp-json\/wp\/v2\/ppma_author?post=41291"}],"curies":[{"name":"wp","href":"https:\/\/api.w.org\/{rel}","templated":true}]}}