{"id":41009,"date":"2020-11-23T14:16:56","date_gmt":"2020-11-23T19:16:56","guid":{"rendered":"http:\/\/www.jdx.info\/lutte\/?p=41009"},"modified":"2020-11-23T14:17:00","modified_gmt":"2020-11-23T19:17:00","slug":"aleister-black-tombe-dans-loublie-une-ex-knockout-de-retour-a-impact-et-plus","status":"publish","type":"post","link":"https:\/\/www.jdx.info\/lutte\/2020\/11\/23\/aleister-black-tombe-dans-loublie-une-ex-knockout-de-retour-a-impact-et-plus\/","title":{"rendered":"Aleister Black Tombe Dans L&rsquo;oublie! Une Ex Knockout de Retour \u00e0 Impact, et Plus!"},"content":{"rendered":"\n<p>&#8211; Vous l&rsquo;avez surement remarqu\u00e9, Aleister Black n&rsquo;est plus apparu \u00e0 la WWE TV depuis sa d\u00e9faite aux mains de Kevin Owens lors de l&rsquo;\u00e9pisode du 12 octobre de RAW. Depuis , il a \u00e9t\u00e9 transf\u00e9r\u00e9  \u00e0 SmackDown lors du Draft, mais n&rsquo;a pas encore fait son apparition dans le show bleu.<\/p>\n\n\n\n<p>Selon Dave Meltzer , le fait que Black soit \u00ab\u00a0oubli\u00e9\u00a0\u00bb par les instances de la WWE n&rsquo;a rien \u00e0 voir avec la r\u00e9cente lib\u00e9ration de sa femme, Zelina Vega, ni avec l&rsquo;int\u00e9r\u00eat qu&rsquo;aurait Black \u00e0 retourner \u00e0 la NXT. Du moins c&rsquo;est ce qu&rsquo;il nous raconte.<\/p>\n\n\n\n<p>Meltzer a not\u00e9 que ,depuis le licenciement de Paul Heyman en tant que directeur ex\u00e9cutif de RAW en juin dernier, \u00ab\u00a0les responsables ne voient plus rien en Black\u00a0\u00bb et n&rsquo;ont toujours pas r\u00e9ussi \u00e0 lui trouver une place significative dans le roster.<\/p>\n\n\n\n<p>En fait, Black \u00e9tait, selon Meltzer, l&rsquo;un des deux choix qui devait vaincre Brock Lesnar \u00e0 WrestleMania au d\u00e9but de l&rsquo;ann\u00e9e.\u00a0\u00ab\u00a0<em>Quand il s&rsquo;agissait de savoir qui devait battre Lesnar, qui partait apr\u00e8s Mania, les deux choix aux yeux de Heyman \u00e9taient Drew McIntyre ou Black<\/em>\u00ab\u00a0, a ajout\u00e9 Meltzer. Bien que McIntyre ait re\u00e7u le match, Heyman avait l&rsquo;intention de \u00ab\u00a0prot\u00e9ger Black\u00a0\u00bb et de le r\u00e9server comme une\u00a0<strong>\u00ab\u00a0Top Star\u00a0\u00bb<\/strong>\u00a0apr\u00e8s WrestleMania.<\/p>\n\n\n\n<p>Meltzer a \u00e9galement d\u00e9clar\u00e9 que bien qu&rsquo;il soit possible pour Black de relancer sa carri\u00e8re \u00e0 la WWE,\u00a0\u00ab\u00a0<em>\u00e7a n&rsquo;a pas l&rsquo;air bien parti pour l&rsquo;instant<\/em>\u00a0\u00bb\u00a0pour l&rsquo;ancien champion de la NXT et le fait que Black n&rsquo;ait pas fait partie du Dual-Brand Battle Royal lors du spectacle de lancement de la s\u00e9rie Survivor hier soir semble \u00eatre un autre signe que la WWE l&rsquo;ait oubli\u00e9.<\/p>\n\n\n\n<p>&#8211; IMPACT Wrestling a r\u00e9cemment annonc\u00e9 le retour du championnat par \u00e9quipe pour les Knockouts, avec quasiment tous le roster solo dans le tableau . Une ancienne championne par \u00e9quipe de la premi\u00e8re g\u00e9n\u00e9ration pourrait \u00e9galement faire son retour mais il ne s&rsquo;agit pas de Zelina Vega qui f\u00fbt l&rsquo;une d&rsquo;elle \u00e0 l&rsquo;\u00e9poque de la TNA.<\/p>\n\n\n\n<p>Selon PW Insider,Taylor Wilde, gagnante du titre par \u00e9quipe en 2008 avec hamada et Sarita, devrait faire son retour prochainement. La lutteuse s&rsquo;\u00e9tait retir\u00e9e des rings en 2011 pour entamer des \u00e9tudes de psychologie et travailler en tant que soldate du feu.<\/p>\n\n\n\n<p>Pour l&rsquo;instant, on ne sait pas quand Wilde devrait revenir. Le tournoi par \u00e9quipes devrait se terminer \u00e0 Hard To Kill le prochain ppv d&rsquo;Impact Wrestling.<\/p>\n<p><\/p>","protected":false},"excerpt":{"rendered":"<p>&#8211; Vous l&rsquo;avez surement remarqu\u00e9, Aleister Black n&rsquo;est plus apparu \u00e0 la WWE TV depuis sa d\u00e9faite aux mains de Kevin Owens lors de l&rsquo;\u00e9pisode du 12 octobre de RAW. Depuis , il a \u00e9t\u00e9 transf\u00e9r\u00e9 \u00e0 SmackDown lors du Draft, mais n&rsquo;a pas encore fait son apparition dans le show bleu. Selon Dave Meltzer&#8230;<\/p>\n","protected":false},"author":4,"featured_media":41010,"comment_status":"open","ping_status":"closed","sticky":false,"template":"","format":"standard","meta":{"footnotes":""},"categories":[4,41,23],"tags":[],"ppma_author":[292],"class_list":["post-41009","post","type-post","status-publish","format-standard","has-post-thumbnail","hentry","category-news","category-tna-impact","category-wwe"],"authors":[{"term_id":292,"user_id":4,"is_guest":0,"slug":"jean","display_name":"Jean Vinnier","avatar_url":"https:\/\/secure.gravatar.com\/avatar\/33aba0263fd870a0b487e0e079ff407e10e3997c9d2987cbcc0db0db2c5c75a9?s=96&d=mm&r=g","0":null,"1":"","2":"","3":"","4":"","5":"","6":"","7":"","8":""}],"_links":{"self":[{"href":"https:\/\/www.jdx.info\/lutte\/wp-json\/wp\/v2\/posts\/41009","targetHints":{"allow":["GET"]}}],"collection":[{"href":"https:\/\/www.jdx.info\/lutte\/wp-json\/wp\/v2\/posts"}],"about":[{"href":"https:\/\/www.jdx.info\/lutte\/wp-json\/wp\/v2\/types\/post"}],"author":[{"embeddable":true,"href":"https:\/\/www.jdx.info\/lutte\/wp-json\/wp\/v2\/users\/4"}],"replies":[{"embeddable":true,"href":"https:\/\/www.jdx.info\/lutte\/wp-json\/wp\/v2\/comments?post=41009"}],"version-history":[{"count":1,"href":"https:\/\/www.jdx.info\/lutte\/wp-json\/wp\/v2\/posts\/41009\/revisions"}],"predecessor-version":[{"id":41011,"href":"https:\/\/www.jdx.info\/lutte\/wp-json\/wp\/v2\/posts\/41009\/revisions\/41011"}],"wp:featuredmedia":[{"embeddable":true,"href":"https:\/\/www.jdx.info\/lutte\/wp-json\/wp\/v2\/media\/41010"}],"wp:attachment":[{"href":"https:\/\/www.jdx.info\/lutte\/wp-json\/wp\/v2\/media?parent=41009"}],"wp:term":[{"taxonomy":"category","embeddable":true,"href":"https:\/\/www.jdx.info\/lutte\/wp-json\/wp\/v2\/categories?post=41009"},{"taxonomy":"post_tag","embeddable":true,"href":"https:\/\/www.jdx.info\/lutte\/wp-json\/wp\/v2\/tags?post=41009"},{"taxonomy":"author","embeddable":true,"href":"https:\/\/www.jdx.info\/lutte\/wp-json\/wp\/v2\/ppma_author?post=41009"}],"curies":[{"name":"wp","href":"https:\/\/api.w.org\/{rel}","templated":true}]}}