{"id":39705,"date":"2020-11-01T13:40:03","date_gmt":"2020-11-01T18:40:03","guid":{"rendered":"http:\/\/www.jdx.info\/lutte\/?p=39705"},"modified":"2020-11-02T15:36:13","modified_gmt":"2020-11-02T20:36:13","slug":"brodie-lee-dit-quil-etait-initialement-incertain-de-son-personnage-lors-de-ses-debuts-a-aew-et-revele-quelles-legendes-il-ajouterait-au-dark-order","status":"publish","type":"post","link":"https:\/\/www.jdx.info\/lutte\/2020\/11\/01\/brodie-lee-dit-quil-etait-initialement-incertain-de-son-personnage-lors-de-ses-debuts-a-aew-et-revele-quelles-legendes-il-ajouterait-au-dark-order\/","title":{"rendered":"Brodie Lee dit qu&rsquo;il \u00e9tait initialement \u00abincertain\u00bb de son personnage lors de ses d\u00e9buts \u00e0 AEW et r\u00e9v\u00e8le quelles l\u00e9gendes il ajouterait au Dark Order!"},"content":{"rendered":"\n<p>La star de l&rsquo;AEW et ancien champion de la TNT, Brodie Lee, \u00e9tait r\u00e9cemment invit\u00e9e sur le podcast AEW Unrestricted pour parler de lutte professionnelle, y compris les l\u00e9gendes qu&rsquo;il ajouterait \u00e0 l&rsquo;ordre sombre et comment il n&rsquo;\u00e9tait pas s\u00fbr de son personnage lors de ses d\u00e9buts en mars. Les faits saillants :<\/p>\n\n\n\n<p>Quelles l\u00e9gendes ajouterait-il au Dark Order :<\/p>\n\n\n\n<blockquote class=\"wp-block-quote is-layout-flow wp-block-quote-is-layout-flow\"><p>Terry Funk, mais je pense que le probl\u00e8me sera qu&rsquo;il finirait par me tuer et que je ne serais plus le chef du Dark Order. Je ne sais pas si ce serait b\u00e9n\u00e9fique pour moi en tant que chef de file de le faire venir, mais ce serait le num\u00e9ro un. Le num\u00e9ro deux serait probablement un Fit Finlay, un type comme \u00e7a. Rien que de le regarder, j\u2019ai beaucoup appris pour lui personnellement et j\u2019\u00e9tais un grand fan de lui. Un autre gars pour qui j&rsquo;ai \u00e9chang\u00e9. J&rsquo;ai plusieurs bandes Fit Finlay, ce qui est \u00e9trange quand vous travaillez avec elles pendant tant d&rsquo;ann\u00e9es. C&rsquo;est juste surr\u00e9aliste &#8211; encore &#8211; pour moi.<\/p><\/blockquote>\n\n\n\n<p>Dit qu&rsquo;il n&rsquo;\u00e9tait pas s\u00fbr de son personnage au d\u00e9part lors de ses d\u00e9buts pour AEW :<\/p>\n\n\n\n<blockquote class=\"wp-block-quote is-layout-flow wp-block-quote-is-layout-flow\"><p>Cela m&rsquo;avait \u00e9t\u00e9 mentionn\u00e9 comme une sorte d&rsquo;option, mais pas une direction claire jusqu&rsquo;\u00e0 quelques semaines auparavant, puis ils ont d\u00e9cid\u00e9 de faire mes d\u00e9buts avec Matt [Hardy] le m\u00eame jour \u00e0 Rochester. Donc, tout est tomb\u00e9 ensemble en m\u00eame temps et c&rsquo;\u00e9tait une opportunit\u00e9 assez folle de l&rsquo;avoir dans ma ville natale, de faire ses d\u00e9buts et de presque na\u00eetre de nouveau. Quant au personnage, j&rsquo;en \u00e9tais un peu incertain car je n&rsquo;avais jamais rien fait de tel. \u00c9tant un catcheur d&rsquo;arri\u00e8re-plan pendant si longtemps, vous obtenez des morceaux de gens et vous essayez de faire du meilleur pied que vous pouvez en tant que leader maintenant, alors j&rsquo;essaie de le faire sur sc\u00e8ne et dans les coulisses aussi. Et puis, j&rsquo;ai \u00e9t\u00e9 qualifi\u00e9 de chef par quelqu&rsquo;un du bureau il y a quelques semaines, et j&rsquo;ai \u00e9t\u00e9 constern\u00e9 qu&rsquo;ils aient jamais dit cela \u00e0 mon sujet. Mais je pense qu\u2019\u00e0 ce stade maintenant, c\u2019est peut-\u00eatre l\u00e0 o\u00f9 je veux en venir.<\/p><\/blockquote>\n<p><\/p>","protected":false},"excerpt":{"rendered":"<p>La star de l&rsquo;AEW et ancien champion de la TNT, Brodie Lee, \u00e9tait r\u00e9cemment invit\u00e9e sur le podcast AEW Unrestricted pour parler de lutte professionnelle, y compris les l\u00e9gendes qu&rsquo;il ajouterait \u00e0 l&rsquo;ordre sombre et comment il n&rsquo;\u00e9tait pas s\u00fbr de son personnage lors de ses d\u00e9buts en mars. Les faits saillants : Quelles l\u00e9gendes&#8230;<\/p>\n","protected":false},"author":665,"featured_media":39765,"comment_status":"open","ping_status":"closed","sticky":false,"template":"","format":"standard","meta":{"footnotes":""},"categories":[38,4],"tags":[],"ppma_author":[289],"class_list":["post-39705","post","type-post","status-publish","format-standard","has-post-thumbnail","hentry","category-aew","category-news"],"authors":[{"term_id":289,"user_id":665,"is_guest":0,"slug":"line","display_name":"Line Edmond","avatar_url":"https:\/\/secure.gravatar.com\/avatar\/852de09636413c90cdaa278312f9ea5bc4396768745424755cb63d99a05989d0?s=96&d=mm&r=g","0":null,"1":"","2":"","3":"","4":"","5":"","6":"","7":"","8":""}],"_links":{"self":[{"href":"https:\/\/www.jdx.info\/lutte\/wp-json\/wp\/v2\/posts\/39705","targetHints":{"allow":["GET"]}}],"collection":[{"href":"https:\/\/www.jdx.info\/lutte\/wp-json\/wp\/v2\/posts"}],"about":[{"href":"https:\/\/www.jdx.info\/lutte\/wp-json\/wp\/v2\/types\/post"}],"author":[{"embeddable":true,"href":"https:\/\/www.jdx.info\/lutte\/wp-json\/wp\/v2\/users\/665"}],"replies":[{"embeddable":true,"href":"https:\/\/www.jdx.info\/lutte\/wp-json\/wp\/v2\/comments?post=39705"}],"version-history":[{"count":3,"href":"https:\/\/www.jdx.info\/lutte\/wp-json\/wp\/v2\/posts\/39705\/revisions"}],"predecessor-version":[{"id":39766,"href":"https:\/\/www.jdx.info\/lutte\/wp-json\/wp\/v2\/posts\/39705\/revisions\/39766"}],"wp:featuredmedia":[{"embeddable":true,"href":"https:\/\/www.jdx.info\/lutte\/wp-json\/wp\/v2\/media\/39765"}],"wp:attachment":[{"href":"https:\/\/www.jdx.info\/lutte\/wp-json\/wp\/v2\/media?parent=39705"}],"wp:term":[{"taxonomy":"category","embeddable":true,"href":"https:\/\/www.jdx.info\/lutte\/wp-json\/wp\/v2\/categories?post=39705"},{"taxonomy":"post_tag","embeddable":true,"href":"https:\/\/www.jdx.info\/lutte\/wp-json\/wp\/v2\/tags?post=39705"},{"taxonomy":"author","embeddable":true,"href":"https:\/\/www.jdx.info\/lutte\/wp-json\/wp\/v2\/ppma_author?post=39705"}],"curies":[{"name":"wp","href":"https:\/\/api.w.org\/{rel}","templated":true}]}}