{"id":39581,"date":"2020-10-29T12:52:11","date_gmt":"2020-10-29T16:52:11","guid":{"rendered":"http:\/\/www.jdx.info\/lutte\/?p=39581"},"modified":"2020-10-29T12:52:14","modified_gmt":"2020-10-29T16:52:14","slug":"la-wwe-nomme-un-nouveau-vice-president","status":"publish","type":"post","link":"https:\/\/www.jdx.info\/lutte\/2020\/10\/29\/la-wwe-nomme-un-nouveau-vice-president\/","title":{"rendered":"La WWE Nomme un Nouveau Vice-Pr\u00e9sident!"},"content":{"rendered":"\n<p>La WWE a annonc\u00e9 cette semaine que Carlo Nohra a \u00e9t\u00e9 nomm\u00e9 au poste de vice-pr\u00e9sident et directeur g\u00e9n\u00e9ral de la WWE Asie-Pacifique.<\/p>\n\n\n\n<p>Nohra dirigera d\u00e9sormais les initiatives de la WWE et les op\u00e9rations quotidiennes dans la r\u00e9gion APAC, et continuera de rapporter directement \u00e0 James Rosenstock, vice-pr\u00e9sident ex\u00e9cutif de la WWE pour les relations internationales.<\/p>\n\n\n\n<p>Nohra a pr\u00e9c\u00e9demment occup\u00e9 le poste de vice-pr\u00e9sident de la WWE et directeur g\u00e9n\u00e9ral des op\u00e9rations de la WWE dans la r\u00e9gion MENA (Moyen-Orient et Afrique du Nord), o\u00f9 il a supervis\u00e9 l&rsquo;expansion r\u00e9ussie de la WWE dans la r\u00e9gion.<\/p>\n\n\n\n<p>Vous trouverez ci-dessous l&rsquo;annonce compl\u00e8te qui nous a \u00e9t\u00e9 faite par la WWE:<\/p>\n\n\n\n<blockquote class=\"wp-block-quote is-layout-flow wp-block-quote-is-layout-flow\"><p>WWE\u00ae NOMS CARLO NOHRA VICE-PR\u00c9SIDENT ET DIRECTEUR G\u00c9N\u00c9RAL, ASIE PACIFIQUE<\/p><p>SINGAPOUR et STAMFORD, CONN., 27 octobre 2020 &#8211; La WWE (NYSE: WWE) a annonc\u00e9 aujourd&rsquo;hui la nomination de Carlo Nohra en tant que vice-pr\u00e9sident et directeur g\u00e9n\u00e9ral, Asie-Pacifique. Auparavant, Nohra a occup\u00e9 le poste de vice-pr\u00e9sident et directeur g\u00e9n\u00e9ral de la WWE, MENA, o\u00f9 il a supervis\u00e9 avec succ\u00e8s la consolidation des accords de droits m\u00e9dias de la soci\u00e9t\u00e9, lanc\u00e9 les efforts de programmation en langue arabe de la WWE et \u00e9tendu sa strat\u00e9gie d&rsquo;\u00e9v\u00e9nements en direct dans la r\u00e9gion.<\/p><p>Dans son nouveau r\u00f4le, Nohra dirigera les initiatives commerciales strat\u00e9giques de la WWE et les op\u00e9rations quotidiennes dans la r\u00e9gion APAC et travaillera avec des partenaires dans tous les secteurs d&rsquo;activit\u00e9 de la WWE, y compris la t\u00e9l\u00e9vision, les \u00e9v\u00e9nements en direct, le marketing, le parrainage, le num\u00e9rique, les licences et le merchandising. . Il continuera \u00e0 rapporter directement \u00e0 James Rosenstock, vice-pr\u00e9sident ex\u00e9cutif de la WWE, International.<\/p><p>\u00abCarlo est un cadre exp\u00e9riment\u00e9 qui a efficacement b\u00e2ti et maintenu des relations solides avec nos partenaires de la r\u00e9gion MENA\u00bb, a d\u00e9clar\u00e9 Rosenstock. \u00abNous sommes convaincus que Carlo continuera \u00e0 am\u00e9liorer la pr\u00e9sence de la WWE et \u00e0 accro\u00eetre l&rsquo;engagement de notre base de fans passionn\u00e9s dans l&rsquo;APAC.\u00bb<\/p><\/blockquote>\n<p><\/p>","protected":false},"excerpt":{"rendered":"<p>La WWE a annonc\u00e9 cette semaine que Carlo Nohra a \u00e9t\u00e9 nomm\u00e9 au poste de vice-pr\u00e9sident et directeur g\u00e9n\u00e9ral de la WWE Asie-Pacifique. Nohra dirigera d\u00e9sormais les initiatives de la WWE et les op\u00e9rations quotidiennes dans la r\u00e9gion APAC, et continuera de rapporter directement \u00e0 James Rosenstock, vice-pr\u00e9sident ex\u00e9cutif de la WWE pour les relations&#8230;<\/p>\n","protected":false},"author":609,"featured_media":39582,"comment_status":"open","ping_status":"closed","sticky":false,"template":"","format":"standard","meta":{"footnotes":""},"categories":[4,23],"tags":[],"ppma_author":[295],"class_list":["post-39581","post","type-post","status-publish","format-standard","has-post-thumbnail","hentry","category-news","category-wwe"],"authors":[{"term_id":295,"user_id":609,"is_guest":0,"slug":"rodrigo","display_name":"Rodrigue Tousignant","avatar_url":"https:\/\/secure.gravatar.com\/avatar\/51fe284bb6dbe8a6b4c2bf998ad658f4a9cd24b7e58f15ec85888070c7340ce6?s=96&d=mm&r=g","0":null,"1":"","2":"","3":"","4":"","5":"","6":"","7":"","8":""}],"_links":{"self":[{"href":"https:\/\/www.jdx.info\/lutte\/wp-json\/wp\/v2\/posts\/39581","targetHints":{"allow":["GET"]}}],"collection":[{"href":"https:\/\/www.jdx.info\/lutte\/wp-json\/wp\/v2\/posts"}],"about":[{"href":"https:\/\/www.jdx.info\/lutte\/wp-json\/wp\/v2\/types\/post"}],"author":[{"embeddable":true,"href":"https:\/\/www.jdx.info\/lutte\/wp-json\/wp\/v2\/users\/609"}],"replies":[{"embeddable":true,"href":"https:\/\/www.jdx.info\/lutte\/wp-json\/wp\/v2\/comments?post=39581"}],"version-history":[{"count":1,"href":"https:\/\/www.jdx.info\/lutte\/wp-json\/wp\/v2\/posts\/39581\/revisions"}],"predecessor-version":[{"id":39583,"href":"https:\/\/www.jdx.info\/lutte\/wp-json\/wp\/v2\/posts\/39581\/revisions\/39583"}],"wp:featuredmedia":[{"embeddable":true,"href":"https:\/\/www.jdx.info\/lutte\/wp-json\/wp\/v2\/media\/39582"}],"wp:attachment":[{"href":"https:\/\/www.jdx.info\/lutte\/wp-json\/wp\/v2\/media?parent=39581"}],"wp:term":[{"taxonomy":"category","embeddable":true,"href":"https:\/\/www.jdx.info\/lutte\/wp-json\/wp\/v2\/categories?post=39581"},{"taxonomy":"post_tag","embeddable":true,"href":"https:\/\/www.jdx.info\/lutte\/wp-json\/wp\/v2\/tags?post=39581"},{"taxonomy":"author","embeddable":true,"href":"https:\/\/www.jdx.info\/lutte\/wp-json\/wp\/v2\/ppma_author?post=39581"}],"curies":[{"name":"wp","href":"https:\/\/api.w.org\/{rel}","templated":true}]}}