{"id":39500,"date":"2020-10-29T02:22:39","date_gmt":"2020-10-29T06:22:39","guid":{"rendered":"http:\/\/www.jdx.info\/lutte\/?p=39500"},"modified":"2020-10-29T02:22:43","modified_gmt":"2020-10-29T06:22:43","slug":"la-wwe-et-laew-seraient-interessees-par-rosa","status":"publish","type":"post","link":"https:\/\/www.jdx.info\/lutte\/2020\/10\/29\/la-wwe-et-laew-seraient-interessees-par-rosa\/","title":{"rendered":"La WWE et l&rsquo;AEW seraient int\u00e9ress\u00e9es par Rosa !"},"content":{"rendered":"\n<p>Il y a maintenant beaucoup de sp\u00e9culations sur le fait que Thunder Rosa rejoindra l&rsquo;AEW ou la WWE.<\/p>\n\n\n\n<p>Serena Deeb a remport\u00e9 le titre mondial f\u00e9minin de la NWA \u00e0 Rosa lors de l\u2019\u00e9v\u00e9nement UWN Primetime Live d\u2019hier soir de la National Wrestling Alliance et du United Wrestling Network.<\/p>\n\n\n\n<p>Dans une mise \u00e0 jour, Dave Meltzer a not\u00e9 sur Twitter que le changement de titre faisait l&rsquo;objet de rumeurs depuis un certain temps et que l&rsquo;AEW et la WWE auraient int\u00e9r\u00eat \u00e0 signer Rosa.<\/p>\n\n\n\n<p>Cela dit, PWInsider ajoute que Rosa reste sous contrat avec la NWA et ce changement de titre n&rsquo;est pas une situation o\u00f9 elle part pour une autre entreprise, du moins pour le moment.<\/p>\n\n\n\n<p>En ce qui concerne Deeb, qui est maintenant avec AEW apr\u00e8s avoir \u00e9t\u00e9 lib\u00e9r\u00e9e de son poste au WWE Performance Center plus t\u00f4t cette ann\u00e9e, il a \u00e9t\u00e9 dit que le titre mondial des femmes de la NWA continuera \u00e0 \u00eatre repr\u00e9sent\u00e9 sur AEW TV.<\/p>\n\n\n\n<p>L\u2019\u00e9pisode Dynamite de ce soir verra Deeb d\u00e9fendre son titre contre Leyla Hirsch.<\/p>\n\n\n\n<p>Restez \u00e0 l\u2019\u00e9coute pour les mises \u00e0 jour sur Rosa et Deeb suite au changement de titre d\u2019hier soir.<\/p>\n\n\n\n<p><\/p>\n<p><\/p>","protected":false},"excerpt":{"rendered":"<p>Il y a maintenant beaucoup de sp\u00e9culations sur le fait que Thunder Rosa rejoindra l&rsquo;AEW ou la WWE. Serena Deeb a remport\u00e9 le titre mondial f\u00e9minin de la NWA \u00e0 Rosa lors de l\u2019\u00e9v\u00e9nement UWN Primetime Live d\u2019hier soir de la National Wrestling Alliance et du United Wrestling Network. Dans une mise \u00e0 jour, Dave&#8230;<\/p>\n","protected":false},"author":665,"featured_media":39568,"comment_status":"open","ping_status":"closed","sticky":false,"template":"","format":"standard","meta":{"footnotes":""},"categories":[24,4,61,23],"tags":[],"ppma_author":[289],"class_list":["post-39500","post","type-post","status-publish","format-standard","has-post-thumbnail","hentry","category-aew-impact-njpw-roh","category-news","category-nwa","category-wwe"],"authors":[{"term_id":289,"user_id":665,"is_guest":0,"slug":"line","display_name":"Line Edmond","avatar_url":"https:\/\/secure.gravatar.com\/avatar\/852de09636413c90cdaa278312f9ea5bc4396768745424755cb63d99a05989d0?s=96&d=mm&r=g","0":null,"1":"","2":"","3":"","4":"","5":"","6":"","7":"","8":""}],"_links":{"self":[{"href":"https:\/\/www.jdx.info\/lutte\/wp-json\/wp\/v2\/posts\/39500","targetHints":{"allow":["GET"]}}],"collection":[{"href":"https:\/\/www.jdx.info\/lutte\/wp-json\/wp\/v2\/posts"}],"about":[{"href":"https:\/\/www.jdx.info\/lutte\/wp-json\/wp\/v2\/types\/post"}],"author":[{"embeddable":true,"href":"https:\/\/www.jdx.info\/lutte\/wp-json\/wp\/v2\/users\/665"}],"replies":[{"embeddable":true,"href":"https:\/\/www.jdx.info\/lutte\/wp-json\/wp\/v2\/comments?post=39500"}],"version-history":[{"count":2,"href":"https:\/\/www.jdx.info\/lutte\/wp-json\/wp\/v2\/posts\/39500\/revisions"}],"predecessor-version":[{"id":39570,"href":"https:\/\/www.jdx.info\/lutte\/wp-json\/wp\/v2\/posts\/39500\/revisions\/39570"}],"wp:featuredmedia":[{"embeddable":true,"href":"https:\/\/www.jdx.info\/lutte\/wp-json\/wp\/v2\/media\/39568"}],"wp:attachment":[{"href":"https:\/\/www.jdx.info\/lutte\/wp-json\/wp\/v2\/media?parent=39500"}],"wp:term":[{"taxonomy":"category","embeddable":true,"href":"https:\/\/www.jdx.info\/lutte\/wp-json\/wp\/v2\/categories?post=39500"},{"taxonomy":"post_tag","embeddable":true,"href":"https:\/\/www.jdx.info\/lutte\/wp-json\/wp\/v2\/tags?post=39500"},{"taxonomy":"author","embeddable":true,"href":"https:\/\/www.jdx.info\/lutte\/wp-json\/wp\/v2\/ppma_author?post=39500"}],"curies":[{"name":"wp","href":"https:\/\/api.w.org\/{rel}","templated":true}]}}