{"id":39222,"date":"2020-10-26T04:01:01","date_gmt":"2020-10-26T08:01:01","guid":{"rendered":"http:\/\/www.jdx.info\/lutte\/?p=39222"},"modified":"2020-10-26T04:01:04","modified_gmt":"2020-10-26T08:01:04","slug":"randy-orton-appelle-sa-feud-de-2005-avec-lundertaker-lun-des-points-forts-de-sa-carriere","status":"publish","type":"post","link":"https:\/\/www.jdx.info\/lutte\/2020\/10\/26\/randy-orton-appelle-sa-feud-de-2005-avec-lundertaker-lun-des-points-forts-de-sa-carriere\/","title":{"rendered":"Randy Orton appelle sa Feud de 2005 avec l&rsquo;Undertaker, l&rsquo;un des points forts de sa carri\u00e8re"},"content":{"rendered":"\n<p>Avant son affrontement Hell in a Cell contre le champion de la WWE Drew McIntyre, la superstar Randy Orton s&rsquo;est rendu sur Twitter pour promouvoir la prochaine sp\u00e9ciale WWE Untold, qui couvre la l\u00e9gendaire querelle de 2005 entre Viper et Undertaker. Il poursuit en qualifiant leur confrontation de moment fort de sa carri\u00e8re avant de pr\u00e9dire qu&rsquo;il quittera l&rsquo;\u00e9mission de ce soir en tant que champion de la WWE.<\/p>\n\n\n\n<blockquote class=\"wp-block-quote is-layout-flow wp-block-quote-is-layout-flow\"><p>Orton \u00e9crit : \u00abFaire face \u00e0 @Undertaker tout au long de 2005 est l&rsquo;un des moments forts de cette \u00e9tape de ma carri\u00e8re. De #WrestleMania \u00e0 un match #HIAC, il m&rsquo;a pr\u00e9par\u00e9 \u00e0 ce qui allait arriver. J&rsquo;ai perdu le match \u00e0 Armageddon, mais j&rsquo;ai l&rsquo;intention de partir ce soir en tant que @WWE Champion. Merci, Taker. @WWENetwork. \u00bb<\/p><\/blockquote>\n\n\n\n<p>lien ##### : https:\/\/wrestlingheadlines.com\/randy-orton-calls-2005-feud-with-undertaker-one-of-the-highlights-of-his-career\/<\/p>\n<p><\/p>","protected":false},"excerpt":{"rendered":"<p>Avant son affrontement Hell in a Cell contre le champion de la WWE Drew McIntyre, la superstar Randy Orton s&rsquo;est rendu sur Twitter pour promouvoir la prochaine sp\u00e9ciale WWE Untold, qui couvre la l\u00e9gendaire querelle de 2005 entre Viper et Undertaker. Il poursuit en qualifiant leur confrontation de moment fort de sa carri\u00e8re avant de&#8230;<\/p>\n","protected":false},"author":665,"featured_media":0,"comment_status":"open","ping_status":"closed","sticky":false,"template":"","format":"standard","meta":{"footnotes":""},"categories":[1],"tags":[],"ppma_author":[289],"class_list":["post-39222","post","type-post","status-publish","format-standard","hentry","category-uncategorized"],"authors":[{"term_id":289,"user_id":665,"is_guest":0,"slug":"line","display_name":"Line Edmond","avatar_url":"https:\/\/secure.gravatar.com\/avatar\/852de09636413c90cdaa278312f9ea5bc4396768745424755cb63d99a05989d0?s=96&d=mm&r=g","0":null,"1":"","2":"","3":"","4":"","5":"","6":"","7":"","8":""}],"_links":{"self":[{"href":"https:\/\/www.jdx.info\/lutte\/wp-json\/wp\/v2\/posts\/39222","targetHints":{"allow":["GET"]}}],"collection":[{"href":"https:\/\/www.jdx.info\/lutte\/wp-json\/wp\/v2\/posts"}],"about":[{"href":"https:\/\/www.jdx.info\/lutte\/wp-json\/wp\/v2\/types\/post"}],"author":[{"embeddable":true,"href":"https:\/\/www.jdx.info\/lutte\/wp-json\/wp\/v2\/users\/665"}],"replies":[{"embeddable":true,"href":"https:\/\/www.jdx.info\/lutte\/wp-json\/wp\/v2\/comments?post=39222"}],"version-history":[{"count":2,"href":"https:\/\/www.jdx.info\/lutte\/wp-json\/wp\/v2\/posts\/39222\/revisions"}],"predecessor-version":[{"id":39333,"href":"https:\/\/www.jdx.info\/lutte\/wp-json\/wp\/v2\/posts\/39222\/revisions\/39333"}],"wp:attachment":[{"href":"https:\/\/www.jdx.info\/lutte\/wp-json\/wp\/v2\/media?parent=39222"}],"wp:term":[{"taxonomy":"category","embeddable":true,"href":"https:\/\/www.jdx.info\/lutte\/wp-json\/wp\/v2\/categories?post=39222"},{"taxonomy":"post_tag","embeddable":true,"href":"https:\/\/www.jdx.info\/lutte\/wp-json\/wp\/v2\/tags?post=39222"},{"taxonomy":"author","embeddable":true,"href":"https:\/\/www.jdx.info\/lutte\/wp-json\/wp\/v2\/ppma_author?post=39222"}],"curies":[{"name":"wp","href":"https:\/\/api.w.org\/{rel}","templated":true}]}}