{"id":39220,"date":"2020-10-26T02:52:30","date_gmt":"2020-10-26T06:52:30","guid":{"rendered":"http:\/\/www.jdx.info\/lutte\/?p=39220"},"modified":"2020-10-26T03:52:07","modified_gmt":"2020-10-26T07:52:07","slug":"plus-de-details-sur-la-blessure-dabadon-aux-enregistrements-daew-dynamite","status":"publish","type":"post","link":"https:\/\/www.jdx.info\/lutte\/2020\/10\/26\/plus-de-details-sur-la-blessure-dabadon-aux-enregistrements-daew-dynamite\/","title":{"rendered":"Plus de d\u00e9tails sur la blessure d&rsquo;Abadon aux enregistrements d&rsquo;AEW Dynamite!"},"content":{"rendered":"\n<p>Il a \u00e9t\u00e9 rapport\u00e9 il y a deux jours que la star de la division f\u00e9minine de l&rsquo;AEW, Abadon, avait \u00e9t\u00e9 gravement bless\u00e9e lors de son affrontement contre Tay Conti lors des enregistrements jeudi Dynamite de Daily\u2019s Place. On ne savait pas quelle \u00e9tait la blessure ni quelle \u00e9tait la gravit\u00e9 des d\u00e9g\u00e2ts.<\/p>\n\n\n\n<p>Selon le Wrestling Observer, Abadon a pris un coup de coude raide \u00e0 la gorge et \u00e9tait incapable de respirer pendant le combat, le match \u00e9tant imm\u00e9diatement arr\u00eat\u00e9 afin qu&rsquo;elle puisse recevoir des soins m\u00e9dicaux appropri\u00e9s d&rsquo;un h\u00f4pital. Le rapport a \u00e9galement not\u00e9 qu&rsquo;il y a de bonnes chances que le match ne soit pas diffus\u00e9 en raison de la blessure et du fait qu&rsquo;il n&rsquo;y avait pas de vainqueur clair. Abadon va mieux et devrait se r\u00e9tablir compl\u00e8tement.<\/p>\n\n\n\n<p>Restez \u00e0 l&rsquo;\u00e9coute!<\/p>\n<p><\/p>","protected":false},"excerpt":{"rendered":"<p>Il a \u00e9t\u00e9 rapport\u00e9 il y a deux jours que la star de la division f\u00e9minine de l&rsquo;AEW, Abadon, avait \u00e9t\u00e9 gravement bless\u00e9e lors de son affrontement contre Tay Conti lors des enregistrements jeudi Dynamite de Daily\u2019s Place. On ne savait pas quelle \u00e9tait la blessure ni quelle \u00e9tait la gravit\u00e9 des d\u00e9g\u00e2ts. Selon le&#8230;<\/p>\n","protected":false},"author":665,"featured_media":39330,"comment_status":"open","ping_status":"closed","sticky":false,"template":"","format":"standard","meta":{"footnotes":""},"categories":[38,4],"tags":[],"ppma_author":[289],"class_list":["post-39220","post","type-post","status-publish","format-standard","has-post-thumbnail","hentry","category-aew","category-news"],"authors":[{"term_id":289,"user_id":665,"is_guest":0,"slug":"line","display_name":"Line Edmond","avatar_url":"https:\/\/secure.gravatar.com\/avatar\/852de09636413c90cdaa278312f9ea5bc4396768745424755cb63d99a05989d0?s=96&d=mm&r=g","0":null,"1":"","2":"","3":"","4":"","5":"","6":"","7":"","8":""}],"_links":{"self":[{"href":"https:\/\/www.jdx.info\/lutte\/wp-json\/wp\/v2\/posts\/39220","targetHints":{"allow":["GET"]}}],"collection":[{"href":"https:\/\/www.jdx.info\/lutte\/wp-json\/wp\/v2\/posts"}],"about":[{"href":"https:\/\/www.jdx.info\/lutte\/wp-json\/wp\/v2\/types\/post"}],"author":[{"embeddable":true,"href":"https:\/\/www.jdx.info\/lutte\/wp-json\/wp\/v2\/users\/665"}],"replies":[{"embeddable":true,"href":"https:\/\/www.jdx.info\/lutte\/wp-json\/wp\/v2\/comments?post=39220"}],"version-history":[{"count":2,"href":"https:\/\/www.jdx.info\/lutte\/wp-json\/wp\/v2\/posts\/39220\/revisions"}],"predecessor-version":[{"id":39329,"href":"https:\/\/www.jdx.info\/lutte\/wp-json\/wp\/v2\/posts\/39220\/revisions\/39329"}],"wp:featuredmedia":[{"embeddable":true,"href":"https:\/\/www.jdx.info\/lutte\/wp-json\/wp\/v2\/media\/39330"}],"wp:attachment":[{"href":"https:\/\/www.jdx.info\/lutte\/wp-json\/wp\/v2\/media?parent=39220"}],"wp:term":[{"taxonomy":"category","embeddable":true,"href":"https:\/\/www.jdx.info\/lutte\/wp-json\/wp\/v2\/categories?post=39220"},{"taxonomy":"post_tag","embeddable":true,"href":"https:\/\/www.jdx.info\/lutte\/wp-json\/wp\/v2\/tags?post=39220"},{"taxonomy":"author","embeddable":true,"href":"https:\/\/www.jdx.info\/lutte\/wp-json\/wp\/v2\/ppma_author?post=39220"}],"curies":[{"name":"wp","href":"https:\/\/api.w.org\/{rel}","templated":true}]}}