{"id":38856,"date":"2020-10-20T16:25:07","date_gmt":"2020-10-20T20:25:07","guid":{"rendered":"http:\/\/www.jdx.info\/lutte\/?p=38856"},"modified":"2020-10-20T16:25:11","modified_gmt":"2020-10-20T20:25:11","slug":"matt-hardy-apparaitra-dans-le-clip-de-mikey-rukus","status":"publish","type":"post","link":"https:\/\/www.jdx.info\/lutte\/2020\/10\/20\/matt-hardy-apparaitra-dans-le-clip-de-mikey-rukus\/","title":{"rendered":"Matt Hardy appara\u00eetra dans le clip de Mikey Rukus!"},"content":{"rendered":"\n<p>La superstar de l&rsquo;AEW Matt Hardy a annonc\u00e9 sur son Twitter qu&rsquo;il avait r\u00e9cemment tourn\u00e9 des images pour un nouveau clip vid\u00e9o de l&rsquo;artiste Mikey Rukus, qui est le coordinateur musical d&rsquo;AEW. The Broken One partage un extrait du tournage et \u00e9crit : <\/p>\n\n\n\n<blockquote class=\"wp-block-quote is-layout-flow wp-block-quote-is-layout-flow\"><p>Du clip vid\u00e9o d&rsquo;hier avec le m\u00e9ga talentueux @MikeyRukus et le super directeur de la photographie @RebyHardy .. Stuff obtient #BROKEN! Regardez attentivement et suivez le pilon dans ma main droite. #Ville morte.<\/p><\/blockquote>\n\n\n\n<p>Rukus ajoutera plus tard : <\/p>\n\n\n\n<blockquote class=\"wp-block-quote is-layout-flow wp-block-quote-is-layout-flow\"><p>6 heures de tournage dans la bo\u00eete. Je suis entr\u00e9 dans le multivers une personne et en suis ressorti comme une autre. Bient\u00f4t, vous verrez que votre \u00e2me est une #GhostTown. <\/p><\/blockquote>\n\n\n\n<p><\/p>\n<p><\/p>","protected":false},"excerpt":{"rendered":"<p>La superstar de l&rsquo;AEW Matt Hardy a annonc\u00e9 sur son Twitter qu&rsquo;il avait r\u00e9cemment tourn\u00e9 des images pour un nouveau clip vid\u00e9o de l&rsquo;artiste Mikey Rukus, qui est le coordinateur musical d&rsquo;AEW. The Broken One partage un extrait du tournage et \u00e9crit : Du clip vid\u00e9o d&rsquo;hier avec le m\u00e9ga talentueux @MikeyRukus et le super&#8230;<\/p>\n","protected":false},"author":665,"featured_media":38967,"comment_status":"open","ping_status":"closed","sticky":false,"template":"","format":"standard","meta":{"footnotes":""},"categories":[38,4],"tags":[],"ppma_author":[289],"class_list":["post-38856","post","type-post","status-publish","format-standard","has-post-thumbnail","hentry","category-aew","category-news"],"authors":[{"term_id":289,"user_id":665,"is_guest":0,"slug":"line","display_name":"Line Edmond","avatar_url":"https:\/\/secure.gravatar.com\/avatar\/852de09636413c90cdaa278312f9ea5bc4396768745424755cb63d99a05989d0?s=96&d=mm&r=g","0":null,"1":"","2":"","3":"","4":"","5":"","6":"","7":"","8":""}],"_links":{"self":[{"href":"https:\/\/www.jdx.info\/lutte\/wp-json\/wp\/v2\/posts\/38856","targetHints":{"allow":["GET"]}}],"collection":[{"href":"https:\/\/www.jdx.info\/lutte\/wp-json\/wp\/v2\/posts"}],"about":[{"href":"https:\/\/www.jdx.info\/lutte\/wp-json\/wp\/v2\/types\/post"}],"author":[{"embeddable":true,"href":"https:\/\/www.jdx.info\/lutte\/wp-json\/wp\/v2\/users\/665"}],"replies":[{"embeddable":true,"href":"https:\/\/www.jdx.info\/lutte\/wp-json\/wp\/v2\/comments?post=38856"}],"version-history":[{"count":2,"href":"https:\/\/www.jdx.info\/lutte\/wp-json\/wp\/v2\/posts\/38856\/revisions"}],"predecessor-version":[{"id":38968,"href":"https:\/\/www.jdx.info\/lutte\/wp-json\/wp\/v2\/posts\/38856\/revisions\/38968"}],"wp:featuredmedia":[{"embeddable":true,"href":"https:\/\/www.jdx.info\/lutte\/wp-json\/wp\/v2\/media\/38967"}],"wp:attachment":[{"href":"https:\/\/www.jdx.info\/lutte\/wp-json\/wp\/v2\/media?parent=38856"}],"wp:term":[{"taxonomy":"category","embeddable":true,"href":"https:\/\/www.jdx.info\/lutte\/wp-json\/wp\/v2\/categories?post=38856"},{"taxonomy":"post_tag","embeddable":true,"href":"https:\/\/www.jdx.info\/lutte\/wp-json\/wp\/v2\/tags?post=38856"},{"taxonomy":"author","embeddable":true,"href":"https:\/\/www.jdx.info\/lutte\/wp-json\/wp\/v2\/ppma_author?post=38856"}],"curies":[{"name":"wp","href":"https:\/\/api.w.org\/{rel}","templated":true}]}}