{"id":38585,"date":"2020-10-14T17:38:00","date_gmt":"2020-10-14T21:38:00","guid":{"rendered":"http:\/\/www.jdx.info\/lutte\/?p=38585"},"modified":"2020-10-14T21:55:16","modified_gmt":"2020-10-15T01:55:16","slug":"le-plan-de-retraite-pour-jon-ambrose-moxley-ou-et-quand","status":"publish","type":"post","link":"https:\/\/www.jdx.info\/lutte\/2020\/10\/14\/le-plan-de-retraite-pour-jon-ambrose-moxley-ou-et-quand\/","title":{"rendered":"Le Plan de Retraite Pour Jon \u00ab\u00a0Ambrose\u00a0\u00bb Moxley! O\u00f9 et Quand?"},"content":{"rendered":"\n<p>Le champion mondial de la AEW Jon Moxley \u00e9tait sur le RealTalker et il a en profit\u00e9 pour aborder le sujet de la retraite. Moxley est \u00e2g\u00e9 de 34 ans, mais il explique avoir d\u00e9j\u00e0 pour intention de prendre sa retraite \u00e0 la AEW :<\/p>\n\n\n\n<blockquote class=\"wp-block-quote is-layout-flow wp-block-quote-is-layout-flow\"><p>\u00a0\u00bbCe sera d\u00e9finitivement \u00e0 l&rsquo;AEW. Je suis devenu bon ami avec Tony Khan, qui est un bon gars et le promoteur avec le plus de succ\u00e8s mis \u00e0 part Vince. On a \u00e9t\u00e9 capable de cr\u00e9er quelque chose en travaillant en \u00e9quipe et la compagnie est toujours en vie m\u00eame avec le Covid. Je suis incroyablement fier de tout le monde.\u00a0\u00bb<\/p><\/blockquote>\n\n\n\n<p>Moxley explique aussi qu&rsquo;il aimerait continuer jusqu&rsquo;\u00e0 ses 50 ans et qu&rsquo;il ne sait pas ce qu&rsquo;il fera apr\u00e8s. Il pr\u00e9cise que malgr\u00e9 ses activit\u00e9s \u00e0 la NJPW o\u00f9 il est champion des \u00c9tats-Unis, la AEW restera sa maison et qu&rsquo;il fera tout en son possible pour solidifier la compagnie.<\/p>\n\n\n\n<p>Il lui reste encore de nombreuses ann\u00e9es avant sa retraite, mais \u00e7a nous donne une bonne id\u00e9e de ses objectifs et nous confirme qu&rsquo;il n&rsquo;a aucune intention de remettre les pieds \u00e0 la WWE. Mais vous le savez, il ne faut jamais dire jamais. <\/p>\n<p><\/p>","protected":false},"excerpt":{"rendered":"<p>Le champion mondial de la AEW Jon Moxley \u00e9tait sur le RealTalker et il a en profit\u00e9 pour aborder le sujet de la retraite. Moxley est \u00e2g\u00e9 de 34 ans, mais il explique avoir d\u00e9j\u00e0 pour intention de prendre sa retraite \u00e0 la AEW : \u00a0\u00bbCe sera d\u00e9finitivement \u00e0 l&rsquo;AEW. Je suis devenu bon ami&#8230;<\/p>\n","protected":false},"author":4,"featured_media":38586,"comment_status":"open","ping_status":"closed","sticky":false,"template":"","format":"standard","meta":{"footnotes":""},"categories":[38,24,30,4],"tags":[],"ppma_author":[292],"class_list":["post-38585","post","type-post","status-publish","format-standard","has-post-thumbnail","hentry","category-aew","category-aew-impact-njpw-roh","category-ex-wwe","category-news"],"authors":[{"term_id":292,"user_id":4,"is_guest":0,"slug":"jean","display_name":"Jean Vinnier","avatar_url":"https:\/\/secure.gravatar.com\/avatar\/33aba0263fd870a0b487e0e079ff407e10e3997c9d2987cbcc0db0db2c5c75a9?s=96&d=mm&r=g","0":null,"1":"","2":"","3":"","4":"","5":"","6":"","7":"","8":""}],"_links":{"self":[{"href":"https:\/\/www.jdx.info\/lutte\/wp-json\/wp\/v2\/posts\/38585","targetHints":{"allow":["GET"]}}],"collection":[{"href":"https:\/\/www.jdx.info\/lutte\/wp-json\/wp\/v2\/posts"}],"about":[{"href":"https:\/\/www.jdx.info\/lutte\/wp-json\/wp\/v2\/types\/post"}],"author":[{"embeddable":true,"href":"https:\/\/www.jdx.info\/lutte\/wp-json\/wp\/v2\/users\/4"}],"replies":[{"embeddable":true,"href":"https:\/\/www.jdx.info\/lutte\/wp-json\/wp\/v2\/comments?post=38585"}],"version-history":[{"count":1,"href":"https:\/\/www.jdx.info\/lutte\/wp-json\/wp\/v2\/posts\/38585\/revisions"}],"predecessor-version":[{"id":38587,"href":"https:\/\/www.jdx.info\/lutte\/wp-json\/wp\/v2\/posts\/38585\/revisions\/38587"}],"wp:featuredmedia":[{"embeddable":true,"href":"https:\/\/www.jdx.info\/lutte\/wp-json\/wp\/v2\/media\/38586"}],"wp:attachment":[{"href":"https:\/\/www.jdx.info\/lutte\/wp-json\/wp\/v2\/media?parent=38585"}],"wp:term":[{"taxonomy":"category","embeddable":true,"href":"https:\/\/www.jdx.info\/lutte\/wp-json\/wp\/v2\/categories?post=38585"},{"taxonomy":"post_tag","embeddable":true,"href":"https:\/\/www.jdx.info\/lutte\/wp-json\/wp\/v2\/tags?post=38585"},{"taxonomy":"author","embeddable":true,"href":"https:\/\/www.jdx.info\/lutte\/wp-json\/wp\/v2\/ppma_author?post=38585"}],"curies":[{"name":"wp","href":"https:\/\/api.w.org\/{rel}","templated":true}]}}