{"id":38385,"date":"2020-10-13T14:09:46","date_gmt":"2020-10-13T18:09:46","guid":{"rendered":"http:\/\/www.jdx.info\/lutte\/?p=38385"},"modified":"2020-10-13T14:09:50","modified_gmt":"2020-10-13T18:09:50","slug":"plus-dinformations-sur-le-retour-possible-deva-marie-a-la-wwe","status":"publish","type":"post","link":"https:\/\/www.jdx.info\/lutte\/2020\/10\/13\/plus-dinformations-sur-le-retour-possible-deva-marie-a-la-wwe\/","title":{"rendered":"Plus d&rsquo;informations sur le retour possible d&rsquo;Eva Marie \u00e0 la WWE!"},"content":{"rendered":"\n<p>Comme indiqu\u00e9 plus t\u00f4t dans la journ\u00e9e, via Cultaholic, l&rsquo;ancienne superstar de la WWE Eva Marie devrait bient\u00f4t revenir dans la soci\u00e9t\u00e9, d\u00e8s l&rsquo;\u00e9pisode RAW de ce soir.<\/p>\n\n\n\n<p>Dans une mise \u00e0 jour, PWInsider rapporte que Marie est actuellement \u00e0 Orlando pour les enregistrements t\u00e9l\u00e9vis\u00e9s de la WWE de cette semaine au Amway Center. Elle a \u00e9t\u00e9 vue dimanche en train de subir des tests m\u00e9dicaux qui \u00e9taient n\u00e9cessaires pour entrer dans l&rsquo;ar\u00e8ne aujourd&rsquo;hui.<\/p>\n\n\n\n<p>La rumeur veut que Marie, 36 ans, et la WWE se soient entendues sur un accord de retour au cours de la semaine du 20 septembre. On ne sait toujours pas si elle reviendra au catch, ou travaillera comme une sorte de personnalit\u00e9 \u00e0 la t\u00e9l\u00e9vision.<\/p>\n\n\n\n<p>Nous avons not\u00e9 en septembre comment Eva avait parl\u00e9 avec Jim Alexander de Reel Talker et d\u00e9clar\u00e9 qu&rsquo;elle avait des affaires en suspens \u00e0 la WWE, indiquant qu&rsquo;elle pourrait revenir au catch.<\/p>\n\n\n\n<blockquote class=\"wp-block-quote is-layout-flow wp-block-quote-is-layout-flow\"><p>\u00abJe suis tellement reconnaissante envers cette entreprise et je sens que j&rsquo;ai des travaux inachev\u00e9s (si vous savez ce que je dis). Je n&rsquo;ai aucun probl\u00e8me et je me vois revenir \u00e0 la WWE. Remuer un peu \u00bb, a-t-elle d\u00e9clar\u00e9 \u00e0 propos d&rsquo;un retour potentiel.<\/p><\/blockquote>\n\n\n\n<p>Marie a sign\u00e9 pour la premi\u00e8re fois avec la WWE en 2013 pour Total Divas et The Divas Search, mais a quitt\u00e9 l&rsquo;entreprise en ao\u00fbt 2017 pour se concentrer sur d&rsquo;autres int\u00e9r\u00eats non li\u00e9s \u00e0 la lutte. Depuis lors, elle a fait du travail d&rsquo;acteur et de t\u00e9l\u00e9-r\u00e9alit\u00e9 et a \u00e9galement lanc\u00e9 ses propres marques de mode, entre autres. Eva est rest\u00e9e \u00e0 l&rsquo;\u00e9cart de la lutte professionnelle pour la plupart, mais il a \u00e9t\u00e9 r\u00e9cemment r\u00e9v\u00e9l\u00e9 \u00e0 ce lien qu&rsquo;elle avait un nouveau spectacle de lutte professionnelle avec NowThis \u00e0 venir.<\/p>\n\n\n\n<p><\/p>\n<p><\/p>","protected":false},"excerpt":{"rendered":"<p>Comme indiqu\u00e9 plus t\u00f4t dans la journ\u00e9e, via Cultaholic, l&rsquo;ancienne superstar de la WWE Eva Marie devrait bient\u00f4t revenir dans la soci\u00e9t\u00e9, d\u00e8s l&rsquo;\u00e9pisode RAW de ce soir. Dans une mise \u00e0 jour, PWInsider rapporte que Marie est actuellement \u00e0 Orlando pour les enregistrements t\u00e9l\u00e9vis\u00e9s de la WWE de cette semaine au Amway Center. Elle&#8230;<\/p>\n","protected":false},"author":665,"featured_media":38515,"comment_status":"open","ping_status":"closed","sticky":false,"template":"","format":"standard","meta":{"footnotes":""},"categories":[30,4,23],"tags":[],"ppma_author":[289],"class_list":["post-38385","post","type-post","status-publish","format-standard","has-post-thumbnail","hentry","category-ex-wwe","category-news","category-wwe"],"authors":[{"term_id":289,"user_id":665,"is_guest":0,"slug":"line","display_name":"Line Edmond","avatar_url":"https:\/\/secure.gravatar.com\/avatar\/852de09636413c90cdaa278312f9ea5bc4396768745424755cb63d99a05989d0?s=96&d=mm&r=g","0":null,"1":"","2":"","3":"","4":"","5":"","6":"","7":"","8":""}],"_links":{"self":[{"href":"https:\/\/www.jdx.info\/lutte\/wp-json\/wp\/v2\/posts\/38385","targetHints":{"allow":["GET"]}}],"collection":[{"href":"https:\/\/www.jdx.info\/lutte\/wp-json\/wp\/v2\/posts"}],"about":[{"href":"https:\/\/www.jdx.info\/lutte\/wp-json\/wp\/v2\/types\/post"}],"author":[{"embeddable":true,"href":"https:\/\/www.jdx.info\/lutte\/wp-json\/wp\/v2\/users\/665"}],"replies":[{"embeddable":true,"href":"https:\/\/www.jdx.info\/lutte\/wp-json\/wp\/v2\/comments?post=38385"}],"version-history":[{"count":2,"href":"https:\/\/www.jdx.info\/lutte\/wp-json\/wp\/v2\/posts\/38385\/revisions"}],"predecessor-version":[{"id":38516,"href":"https:\/\/www.jdx.info\/lutte\/wp-json\/wp\/v2\/posts\/38385\/revisions\/38516"}],"wp:featuredmedia":[{"embeddable":true,"href":"https:\/\/www.jdx.info\/lutte\/wp-json\/wp\/v2\/media\/38515"}],"wp:attachment":[{"href":"https:\/\/www.jdx.info\/lutte\/wp-json\/wp\/v2\/media?parent=38385"}],"wp:term":[{"taxonomy":"category","embeddable":true,"href":"https:\/\/www.jdx.info\/lutte\/wp-json\/wp\/v2\/categories?post=38385"},{"taxonomy":"post_tag","embeddable":true,"href":"https:\/\/www.jdx.info\/lutte\/wp-json\/wp\/v2\/tags?post=38385"},{"taxonomy":"author","embeddable":true,"href":"https:\/\/www.jdx.info\/lutte\/wp-json\/wp\/v2\/ppma_author?post=38385"}],"curies":[{"name":"wp","href":"https:\/\/api.w.org\/{rel}","templated":true}]}}