{"id":38381,"date":"2020-10-13T14:02:12","date_gmt":"2020-10-13T18:02:12","guid":{"rendered":"http:\/\/www.jdx.info\/lutte\/?p=38381"},"modified":"2020-10-13T14:02:16","modified_gmt":"2020-10-13T18:02:16","slug":"la-wwe-annonce-officiellement-la-saison-6-de-total-bellas","status":"publish","type":"post","link":"https:\/\/www.jdx.info\/lutte\/2020\/10\/13\/la-wwe-annonce-officiellement-la-saison-6-de-total-bellas\/","title":{"rendered":"La WWE annonce officiellement la saison 6 de Total Bellas!"},"content":{"rendered":"\n<p>WWE et E! ont annonc\u00e9 que la saison 6 de Total Bellas sera pr\u00e9sent\u00e9e en premi\u00e8re le jeudi 12 novembre \u00e0 21 h HE.<\/p>\n\n\n\n<p>La sixi\u00e8me saison de l&rsquo;\u00e9mission suivra les Bella Twins alors qu&rsquo;ils \u00e9largissent leurs familles. L&rsquo;\u00e9mission pr\u00e9sentera \u00e9galement des histoires avec le reste de la famille, y compris la maman Kathy Laurinaitis alors qu&rsquo;elle apprend qu&rsquo;elle a besoin d&rsquo;une chirurgie c\u00e9r\u00e9brale d&rsquo;urgence.<\/p>\n\n\n\n<p>Vous trouverez ci-dessous une nouvelle promo pour la sixi\u00e8me saison de Total Bellas, ainsi que l&rsquo;annonce de la WWE sur la premi\u00e8re.<\/p>\n\n\n\n<blockquote class=\"wp-block-quote is-layout-flow wp-block-quote-is-layout-flow\"><p>E! suit le parcours de grossesse de Nikki et Brie alors que la nouvelle saison de \u00abTotal Bellas\u00bb d\u00e9bute le 12 novembre<\/p><p>Les superstars de la WWE, les auteurs et entrepreneurs \u00e0 succ\u00e8s du New York Times Nikki Bella et Brie Bella sont de retour avec une toute nouvelle saison de \u00abTotal Bellas\u00bb, dont la premi\u00e8re est le jeudi 12 novembre \u00e0 9 HE \/ 6 PT sur E !.<\/p><p>Cette saison, alors que Nikki et Brie se pr\u00e9parent pour certains jalons majeurs, notamment l&rsquo;expansion de leur famille avec la naissance de leurs b\u00e9b\u00e9s gar\u00e7ons. Dans leurs m\u00e9moires, \u00abIncomparable\u00bb, Nikki r\u00e9v\u00e8le un secret profond qu&rsquo;elle a gard\u00e9 de sa famille pendant plus de 20 ans. Alors que Brie donne \u00e0 Nikki des astuces pour l&rsquo;accouchement et la maternit\u00e9, cela met certaines des \u00e9motions de Brie au premier plan de sa grossesse pr\u00e9c\u00e9dente.<\/p><p>Brie tente de rassembler Nikki et leur fr\u00e8re JJ apr\u00e8s qu&rsquo;ils aient connu une p\u00e9riode difficile dans leur relation. Dans une tournure d\u00e9vastatrice des \u00e9v\u00e9nements, les Bellas d\u00e9couvrent que leur m\u00e8re Kathy devra subir une chirurgie c\u00e9r\u00e9brale d&rsquo;urgence. Malgr\u00e9 tout, les Bellas trouvent encore le temps de c\u00e9l\u00e9brer avec leur voyage de babymoon en famille et leurs baby showers et une d\u00e9cision impromptue laisse les jumeaux se demander si Phoenix est leur maison pour toujours.<\/p><p>Ne manquez pas la toute nouvelle premi\u00e8re saison de \u00abTotal Bellas\u00bb le jeudi 12 novembre \u00e0 9 HE \/ 6 PT sur E !.<\/p><\/blockquote>\n\n\n\n<p><\/p>\n<p><\/p>","protected":false},"excerpt":{"rendered":"<p>WWE et E! ont annonc\u00e9 que la saison 6 de Total Bellas sera pr\u00e9sent\u00e9e en premi\u00e8re le jeudi 12 novembre \u00e0 21 h HE. La sixi\u00e8me saison de l&rsquo;\u00e9mission suivra les Bella Twins alors qu&rsquo;ils \u00e9largissent leurs familles. L&rsquo;\u00e9mission pr\u00e9sentera \u00e9galement des histoires avec le reste de la famille, y compris la maman Kathy Laurinaitis&#8230;<\/p>\n","protected":false},"author":665,"featured_media":38509,"comment_status":"open","ping_status":"closed","sticky":false,"template":"","format":"standard","meta":{"footnotes":""},"categories":[30,4,23],"tags":[],"ppma_author":[289],"class_list":["post-38381","post","type-post","status-publish","format-standard","has-post-thumbnail","hentry","category-ex-wwe","category-news","category-wwe"],"authors":[{"term_id":289,"user_id":665,"is_guest":0,"slug":"line","display_name":"Line Edmond","avatar_url":"https:\/\/secure.gravatar.com\/avatar\/852de09636413c90cdaa278312f9ea5bc4396768745424755cb63d99a05989d0?s=96&d=mm&r=g","0":null,"1":"","2":"","3":"","4":"","5":"","6":"","7":"","8":""}],"_links":{"self":[{"href":"https:\/\/www.jdx.info\/lutte\/wp-json\/wp\/v2\/posts\/38381","targetHints":{"allow":["GET"]}}],"collection":[{"href":"https:\/\/www.jdx.info\/lutte\/wp-json\/wp\/v2\/posts"}],"about":[{"href":"https:\/\/www.jdx.info\/lutte\/wp-json\/wp\/v2\/types\/post"}],"author":[{"embeddable":true,"href":"https:\/\/www.jdx.info\/lutte\/wp-json\/wp\/v2\/users\/665"}],"replies":[{"embeddable":true,"href":"https:\/\/www.jdx.info\/lutte\/wp-json\/wp\/v2\/comments?post=38381"}],"version-history":[{"count":2,"href":"https:\/\/www.jdx.info\/lutte\/wp-json\/wp\/v2\/posts\/38381\/revisions"}],"predecessor-version":[{"id":38510,"href":"https:\/\/www.jdx.info\/lutte\/wp-json\/wp\/v2\/posts\/38381\/revisions\/38510"}],"wp:featuredmedia":[{"embeddable":true,"href":"https:\/\/www.jdx.info\/lutte\/wp-json\/wp\/v2\/media\/38509"}],"wp:attachment":[{"href":"https:\/\/www.jdx.info\/lutte\/wp-json\/wp\/v2\/media?parent=38381"}],"wp:term":[{"taxonomy":"category","embeddable":true,"href":"https:\/\/www.jdx.info\/lutte\/wp-json\/wp\/v2\/categories?post=38381"},{"taxonomy":"post_tag","embeddable":true,"href":"https:\/\/www.jdx.info\/lutte\/wp-json\/wp\/v2\/tags?post=38381"},{"taxonomy":"author","embeddable":true,"href":"https:\/\/www.jdx.info\/lutte\/wp-json\/wp\/v2\/ppma_author?post=38381"}],"curies":[{"name":"wp","href":"https:\/\/api.w.org\/{rel}","templated":true}]}}