{"id":38342,"date":"2020-10-11T17:10:24","date_gmt":"2020-10-11T21:10:24","guid":{"rendered":"http:\/\/www.jdx.info\/lutte\/?p=38342"},"modified":"2020-10-11T17:10:27","modified_gmt":"2020-10-11T21:10:27","slug":"mises-a-jour-dans-les-coulisses-sur-lars-sullivan-apres-son-retour-sur-wwe-smackdown","status":"publish","type":"post","link":"https:\/\/www.jdx.info\/lutte\/2020\/10\/11\/mises-a-jour-dans-les-coulisses-sur-lars-sullivan-apres-son-retour-sur-wwe-smackdown\/","title":{"rendered":"Mises \u00e0 jour dans les coulisses sur Lars Sullivan apr\u00e8s son retour sur WWE SmackDown !"},"content":{"rendered":"\n<p>Comme indiqu\u00e9 plus t\u00f4t ce soir sur ce lien, l&rsquo;\u00e9dition WWE Draft de SmackDown sur FOX a vu Lars Sullivan faire son retour apr\u00e8s avoir \u00e9t\u00e9 absent depuis l&rsquo;\u00e9t\u00e9 2019. Lars sera ajout\u00e9 au pool de WWE Draft pour le RAW de lundi.<\/p>\n\n\n\n<p>En ce qui concerne le retour de Sullivan, Fightful Select rapporte que lorsque The Freak s&rsquo;est bless\u00e9 au genou en juin 2019, les responsables de la WWE l&rsquo;ont initialement eu avec une date de retour provisoire en juin 2020. Cependant, on a dit \u00e0 plusieurs reprises que Lars lui-m\u00eame s&rsquo;attendait \u00e0 revenir beaucoup plus t\u00f4t qu&rsquo;il avait subi des op\u00e9rations au genou dans le pass\u00e9. Il s&rsquo;est av\u00e9r\u00e9 que cette blessure \u00e9tait bien pire que pr\u00e9vu \u00e0 l&rsquo;origine.<\/p>\n\n\n\n<p>Sullivan a taquin\u00e9 les fans avec une vid\u00e9o de r\u00e9adaptation en d\u00e9cembre, mais il \u00e9tait loin d&rsquo;\u00eatre autoris\u00e9 \u00e0 revenir. Il a \u00e9t\u00e9 not\u00e9 que son r\u00e9tablissement \u00e9tait une bataille difficile. Des sources de la WWE ont indiqu\u00e9 que Sullivan avait fini par devoir r\u00e9parer les deux genoux et les perspectives de retour sont pass\u00e9es d&rsquo;environ 1 an hors du ring \u00e0 16-18 mois.<\/p>\n\n\n\n<p>La WWE avait \u00e0 l&rsquo;origine des projets majeurs pour Sullivan lorsqu&rsquo;il a \u00e9t\u00e9 appel\u00e9 pour la premi\u00e8re fois dans la liste principale, y compris un match avec Brock Lesnar. Il y avait de la chaleur sur Lars \u00e0 cause des commentaires raciaux qu&rsquo;il avait faits avant sa signature avec la soci\u00e9t\u00e9, qui ont fait surface sur les r\u00e9seaux sociaux apr\u00e8s sa convocation, mais il n&rsquo;y avait pas de chaleur pour les autres controverses qui ont \u00e9merg\u00e9 plus t\u00f4t cette ann\u00e9e.<\/p>\n\n\n\n<p><\/p>\n<p><\/p>","protected":false},"excerpt":{"rendered":"<p>Comme indiqu\u00e9 plus t\u00f4t ce soir sur ce lien, l&rsquo;\u00e9dition WWE Draft de SmackDown sur FOX a vu Lars Sullivan faire son retour apr\u00e8s avoir \u00e9t\u00e9 absent depuis l&rsquo;\u00e9t\u00e9 2019. Lars sera ajout\u00e9 au pool de WWE Draft pour le RAW de lundi. En ce qui concerne le retour de Sullivan, Fightful Select rapporte que&#8230;<\/p>\n","protected":false},"author":665,"featured_media":38363,"comment_status":"open","ping_status":"closed","sticky":false,"template":"","format":"standard","meta":{"footnotes":""},"categories":[4,36,23],"tags":[],"ppma_author":[289],"class_list":["post-38342","post","type-post","status-publish","format-standard","has-post-thumbnail","hentry","category-news","category-smackdown","category-wwe"],"authors":[{"term_id":289,"user_id":665,"is_guest":0,"slug":"line","display_name":"Line Edmond","avatar_url":"https:\/\/secure.gravatar.com\/avatar\/852de09636413c90cdaa278312f9ea5bc4396768745424755cb63d99a05989d0?s=96&d=mm&r=g","0":null,"1":"","2":"","3":"","4":"","5":"","6":"","7":"","8":""}],"_links":{"self":[{"href":"https:\/\/www.jdx.info\/lutte\/wp-json\/wp\/v2\/posts\/38342","targetHints":{"allow":["GET"]}}],"collection":[{"href":"https:\/\/www.jdx.info\/lutte\/wp-json\/wp\/v2\/posts"}],"about":[{"href":"https:\/\/www.jdx.info\/lutte\/wp-json\/wp\/v2\/types\/post"}],"author":[{"embeddable":true,"href":"https:\/\/www.jdx.info\/lutte\/wp-json\/wp\/v2\/users\/665"}],"replies":[{"embeddable":true,"href":"https:\/\/www.jdx.info\/lutte\/wp-json\/wp\/v2\/comments?post=38342"}],"version-history":[{"count":2,"href":"https:\/\/www.jdx.info\/lutte\/wp-json\/wp\/v2\/posts\/38342\/revisions"}],"predecessor-version":[{"id":38364,"href":"https:\/\/www.jdx.info\/lutte\/wp-json\/wp\/v2\/posts\/38342\/revisions\/38364"}],"wp:featuredmedia":[{"embeddable":true,"href":"https:\/\/www.jdx.info\/lutte\/wp-json\/wp\/v2\/media\/38363"}],"wp:attachment":[{"href":"https:\/\/www.jdx.info\/lutte\/wp-json\/wp\/v2\/media?parent=38342"}],"wp:term":[{"taxonomy":"category","embeddable":true,"href":"https:\/\/www.jdx.info\/lutte\/wp-json\/wp\/v2\/categories?post=38342"},{"taxonomy":"post_tag","embeddable":true,"href":"https:\/\/www.jdx.info\/lutte\/wp-json\/wp\/v2\/tags?post=38342"},{"taxonomy":"author","embeddable":true,"href":"https:\/\/www.jdx.info\/lutte\/wp-json\/wp\/v2\/ppma_author?post=38342"}],"curies":[{"name":"wp","href":"https:\/\/api.w.org\/{rel}","templated":true}]}}