{"id":37671,"date":"2020-10-01T08:30:59","date_gmt":"2020-10-01T12:30:59","guid":{"rendered":"http:\/\/www.jdx.info\/lutte\/?p=37671"},"modified":"2020-10-01T08:31:05","modified_gmt":"2020-10-01T12:31:05","slug":"la-nouvelle-guerre-des-titres-de-la-wwe-aux-etats-unis-revelee","status":"publish","type":"post","link":"https:\/\/www.jdx.info\/lutte\/2020\/10\/01\/la-nouvelle-guerre-des-titres-de-la-wwe-aux-etats-unis-revelee\/","title":{"rendered":"La nouvelle guerre des titres de la WWE aux \u00c9tats-Unis r\u00e9v\u00e9l\u00e9e!"},"content":{"rendered":"\n<ul class=\"wp-block-list\"><li>Le Hall of Famer de la WWE JBL a \u00e9t\u00e9 annonc\u00e9 pour une interview r\u00e9v\u00e9latrice avec Corey Graves sur le podcast \u00abAfter The Bell\u00bb de la WWE ce jeudi. JBL discutera de sa rivalit\u00e9 avec The Undertaker, de la fa\u00e7on dont le Hall of Famer de la WWE Eddie Guerrero l&rsquo;a influenc\u00e9, et plus encore.<\/li><\/ul>\n\n\n\n<p>Voici l\u2019annonce de la WWE sur l\u2019interview :<\/p>\n\n\n\n<blockquote class=\"wp-block-quote is-layout-flow wp-block-quote-is-layout-flow\"><p>JBL discute avec Corey Graves de la WWE After the Bell de cette semaine<\/p><p>Il y a certaines Superstars avec un talent pour la narration, dont les r\u00e9cits de l&rsquo;histoire de la lutte captivent les vestiaires et deviennent des l\u00e9gendes. JBL est l&rsquo;une de ces superstar, et cette semaine sur WWE After the Bell avec Corey Graves, The Wrestling God, dont le r\u00e8gne de 280 jours de championnat de la WWE a fait de lui une ic\u00f4ne de tous les temps de SmackDown, rejoint le podcast pour une interview r\u00e9v\u00e9latrice.<\/p><p>D\u00e9couvrez les origines inhabituelles de l&rsquo;APA, ce que c&rsquo;\u00e9tait de forger une rivalit\u00e9 \u00e9pique avec The Undertaker et pourquoi le Hall of Famer de la WWE Eddie Guerrero \u00e9tait responsable de la cr\u00e9ation de l&rsquo;un des m\u00e9chants de la WWE les plus inf\u00e2mes de l&rsquo;histoire dans cette conversation captivante.<\/p><p>De nouveaux \u00e9pisodes de WWE After the Bell tombent tous les jeudis. Abonnez-vous et \u00e9coutez sur Spotify, les podcasts Apple ou partout o\u00f9 vous obtenez vos podcasts.<\/p><\/blockquote>\n\n\n\n<ul class=\"wp-block-list\"><li>Mustafa Ali et le champion des \u00c9tats-Unis de la WWE Bobby Lashley ont eu un \u00e9change sur Twitter cette semaine apr\u00e8s qu&rsquo;Ali, Ricochet et Apollo Crews aient vaincu The Hurt Business lundi \u00e0 RAW. Il semble qu&rsquo;ils pourraient se pr\u00e9parer \u00e0 un match pour le titre entre les deux.<\/li><\/ul>\n\n\n\n<blockquote class=\"wp-block-quote is-layout-flow wp-block-quote-is-layout-flow\"><p> Lashley  \u00e9crit : Frais \u00e0 mort. Il semble donc que @AliWWE ait jet\u00e9 son chapeau dans le ring hier soir. Montez si vous voulez vous blesser. J&rsquo;attendrai. [fist emoji] #TheHurtBusiness #WWERAW @WWE \u00bb<\/p><\/blockquote>\n\n\n\n<blockquote class=\"wp-block-quote is-layout-flow wp-block-quote-is-layout-flow\"><p>Ali a r\u00e9pondu : \u00abBob, vous utilisez ce titre am\u00e9ricain pour changer vos v\u00eatements. J&rsquo;utiliserais ce titre am\u00e9ricain pour changer ce pays. M\u00eame toi, tu ne pouvais pas supporter le poids du \u00abChampion des \u00c9tats-Unis, Mustafa Ali\u00bb. \u00bb<\/p><\/blockquote>\n\n\n\n<p>Lashley n&rsquo;a pas r\u00e9pondu \u00e0 Ali au moment d&rsquo;\u00e9crire ces lignes.<\/p>\n\n\n\n<p><\/p>\n<p><\/p>","protected":false},"excerpt":{"rendered":"<p>Le Hall of Famer de la WWE JBL a \u00e9t\u00e9 annonc\u00e9 pour une interview r\u00e9v\u00e9latrice avec Corey Graves sur le podcast \u00abAfter The Bell\u00bb de la WWE ce jeudi. JBL discutera de sa rivalit\u00e9 avec The Undertaker, de la fa\u00e7on dont le Hall of Famer de la WWE Eddie Guerrero l&rsquo;a influenc\u00e9, et plus encore&#8230;.<\/p>\n","protected":false},"author":665,"featured_media":37749,"comment_status":"open","ping_status":"closed","sticky":false,"template":"","format":"standard","meta":{"footnotes":""},"categories":[4,43,23],"tags":[],"ppma_author":[289],"class_list":["post-37671","post","type-post","status-publish","format-standard","has-post-thumbnail","hentry","category-news","category-raw-wwe","category-wwe"],"authors":[{"term_id":289,"user_id":665,"is_guest":0,"slug":"line","display_name":"Line Edmond","avatar_url":"https:\/\/secure.gravatar.com\/avatar\/852de09636413c90cdaa278312f9ea5bc4396768745424755cb63d99a05989d0?s=96&d=mm&r=g","0":null,"1":"","2":"","3":"","4":"","5":"","6":"","7":"","8":""}],"_links":{"self":[{"href":"https:\/\/www.jdx.info\/lutte\/wp-json\/wp\/v2\/posts\/37671","targetHints":{"allow":["GET"]}}],"collection":[{"href":"https:\/\/www.jdx.info\/lutte\/wp-json\/wp\/v2\/posts"}],"about":[{"href":"https:\/\/www.jdx.info\/lutte\/wp-json\/wp\/v2\/types\/post"}],"author":[{"embeddable":true,"href":"https:\/\/www.jdx.info\/lutte\/wp-json\/wp\/v2\/users\/665"}],"replies":[{"embeddable":true,"href":"https:\/\/www.jdx.info\/lutte\/wp-json\/wp\/v2\/comments?post=37671"}],"version-history":[{"count":2,"href":"https:\/\/www.jdx.info\/lutte\/wp-json\/wp\/v2\/posts\/37671\/revisions"}],"predecessor-version":[{"id":37750,"href":"https:\/\/www.jdx.info\/lutte\/wp-json\/wp\/v2\/posts\/37671\/revisions\/37750"}],"wp:featuredmedia":[{"embeddable":true,"href":"https:\/\/www.jdx.info\/lutte\/wp-json\/wp\/v2\/media\/37749"}],"wp:attachment":[{"href":"https:\/\/www.jdx.info\/lutte\/wp-json\/wp\/v2\/media?parent=37671"}],"wp:term":[{"taxonomy":"category","embeddable":true,"href":"https:\/\/www.jdx.info\/lutte\/wp-json\/wp\/v2\/categories?post=37671"},{"taxonomy":"post_tag","embeddable":true,"href":"https:\/\/www.jdx.info\/lutte\/wp-json\/wp\/v2\/tags?post=37671"},{"taxonomy":"author","embeddable":true,"href":"https:\/\/www.jdx.info\/lutte\/wp-json\/wp\/v2\/ppma_author?post=37671"}],"curies":[{"name":"wp","href":"https:\/\/api.w.org\/{rel}","templated":true}]}}