{"id":37081,"date":"2020-09-24T12:42:39","date_gmt":"2020-09-24T16:42:39","guid":{"rendered":"http:\/\/www.jdx.info\/lutte\/?p=37081"},"modified":"2020-09-24T12:42:43","modified_gmt":"2020-09-24T16:42:43","slug":"roman-reigns-dans-after-the-bell-pour-parler-de-dimanche","status":"publish","type":"post","link":"https:\/\/www.jdx.info\/lutte\/2020\/09\/24\/roman-reigns-dans-after-the-bell-pour-parler-de-dimanche\/","title":{"rendered":"Roman Reigns dans After The Bell pour parler de dimanche!"},"content":{"rendered":"\n<p>Dimanche, le WWE Clash of Champions pay-per-view mettra en vedette Jey Uso d\u00e9fiant son cousin Roman Reigns pour le titre universel de la WWE.<\/p>\n\n\n\n<ul class=\"wp-block-list\"><li>En parlant de Reigns, il reviendra jeudi sur le podcast \u00abAfter The Bell\u00bb de la WWE avec l\u2019animateur Corey Graves. Reigns discutera du vestiaire de la WWE, de WrestleMania 36 manquant, et plus encore.<\/li><\/ul>\n\n\n\n<blockquote class=\"wp-block-quote is-layout-flow wp-block-quote-is-layout-flow\"><p>Voici l\u2019annonce de la WWE sur l\u2019\u00e9pisode de cette semaine :<\/p><p>Le champion universel Roman Reigns revient \u00e0 la WWE After the Bell avec Corey Graves<\/p><p>\u00ab\u00a0D\u00e9truisez tout le monde et partez.\u00a0\u00bb<\/p><p>Ce n\u2019est pas seulement un slogan pour le champion universel Roman Reigns : c\u2019est sa philosophie. De retour \u00e0 la WWE After the bell pr\u00e8s d&rsquo;un an apr\u00e8s sa premi\u00e8re apparition sur le podcast, The Big Dog a beaucoup \u00e0 discuter avec Corey Graves cette fois-ci, et vous ne voudrez pas en manquer un mot.<\/p><p>Quelques jours avant de d\u00e9fendre son championnat universel contre sa propre chair et son sang &#8211; cousin Jey Uso &#8211; \u00e0 WWE Clash of Champions ce dimanche, Reigns parle de ce que signifie \u00eatre \u00abThe Guy\u00bb \u00e0 la WWE en 2020, donne son opinion sinc\u00e8re sur la WWE vestiaire et d\u00e9crit ce que c&rsquo;\u00e9tait de manquer WrestleMania 36.<\/p><\/blockquote>\n\n\n\n<p>WWE After the Bell tombe tous les jeudis. Abonnez-vous et \u00e9coutez sur Spotify ou partout o\u00f9 vous obtenez vos podcasts.<\/p>\n\n\n\n<p><\/p>\n<p><\/p>","protected":false},"excerpt":{"rendered":"<p>Dimanche, le WWE Clash of Champions pay-per-view mettra en vedette Jey Uso d\u00e9fiant son cousin Roman Reigns pour le titre universel de la WWE. En parlant de Reigns, il reviendra jeudi sur le podcast \u00abAfter The Bell\u00bb de la WWE avec l\u2019animateur Corey Graves. Reigns discutera du vestiaire de la WWE, de WrestleMania 36 manquant,&#8230;<\/p>\n","protected":false},"author":665,"featured_media":37156,"comment_status":"open","ping_status":"closed","sticky":false,"template":"","format":"standard","meta":{"footnotes":""},"categories":[1],"tags":[],"ppma_author":[289],"class_list":["post-37081","post","type-post","status-publish","format-standard","has-post-thumbnail","hentry","category-uncategorized"],"authors":[{"term_id":289,"user_id":665,"is_guest":0,"slug":"line","display_name":"Line Edmond","avatar_url":"https:\/\/secure.gravatar.com\/avatar\/852de09636413c90cdaa278312f9ea5bc4396768745424755cb63d99a05989d0?s=96&d=mm&r=g","0":null,"1":"","2":"","3":"","4":"","5":"","6":"","7":"","8":""}],"_links":{"self":[{"href":"https:\/\/www.jdx.info\/lutte\/wp-json\/wp\/v2\/posts\/37081","targetHints":{"allow":["GET"]}}],"collection":[{"href":"https:\/\/www.jdx.info\/lutte\/wp-json\/wp\/v2\/posts"}],"about":[{"href":"https:\/\/www.jdx.info\/lutte\/wp-json\/wp\/v2\/types\/post"}],"author":[{"embeddable":true,"href":"https:\/\/www.jdx.info\/lutte\/wp-json\/wp\/v2\/users\/665"}],"replies":[{"embeddable":true,"href":"https:\/\/www.jdx.info\/lutte\/wp-json\/wp\/v2\/comments?post=37081"}],"version-history":[{"count":2,"href":"https:\/\/www.jdx.info\/lutte\/wp-json\/wp\/v2\/posts\/37081\/revisions"}],"predecessor-version":[{"id":37157,"href":"https:\/\/www.jdx.info\/lutte\/wp-json\/wp\/v2\/posts\/37081\/revisions\/37157"}],"wp:featuredmedia":[{"embeddable":true,"href":"https:\/\/www.jdx.info\/lutte\/wp-json\/wp\/v2\/media\/37156"}],"wp:attachment":[{"href":"https:\/\/www.jdx.info\/lutte\/wp-json\/wp\/v2\/media?parent=37081"}],"wp:term":[{"taxonomy":"category","embeddable":true,"href":"https:\/\/www.jdx.info\/lutte\/wp-json\/wp\/v2\/categories?post=37081"},{"taxonomy":"post_tag","embeddable":true,"href":"https:\/\/www.jdx.info\/lutte\/wp-json\/wp\/v2\/tags?post=37081"},{"taxonomy":"author","embeddable":true,"href":"https:\/\/www.jdx.info\/lutte\/wp-json\/wp\/v2\/ppma_author?post=37081"}],"curies":[{"name":"wp","href":"https:\/\/api.w.org\/{rel}","templated":true}]}}