{"id":36667,"date":"2020-09-17T01:37:42","date_gmt":"2020-09-17T05:37:42","guid":{"rendered":"http:\/\/www.jdx.info\/lutte\/?p=36667"},"modified":"2020-09-17T01:37:49","modified_gmt":"2020-09-17T05:37:49","slug":"lince-dorado-laisse-planer-le-doute-sur-la-fin-de-son-masque","status":"publish","type":"post","link":"https:\/\/www.jdx.info\/lutte\/2020\/09\/17\/lince-dorado-laisse-planer-le-doute-sur-la-fin-de-son-masque\/","title":{"rendered":"Lince Dorado laisse planer le doute sur la fin de son masque!"},"content":{"rendered":"\n<p>La superstar de la WWE SmackDown, Lince Dorado, taquine un changement possible de son look.<\/p>\n\n\n\n<p>Dorado s&rsquo;est rendu sur Instagram ce matin et a publi\u00e9 une photo qui indique qu&rsquo;il est peut-\u00eatre en train de dire au revoir \u00e0 son masque lucha. Il a l\u00e9gend\u00e9 la photo avec \u00abAu revoir\u00bb<\/p>\n\n\n\n<p>La photo a conduit Dorado \u00e0 \u00e9changer des photos avec quelques fans dans la section commentaires.<\/p>\n\n\n\n<p>Dorado a publi\u00e9 un commentaire pour r\u00e9pondre aux commentaires qu&rsquo;il recevait.<\/p>\n\n\n\n<blockquote class=\"wp-block-quote is-layout-flow wp-block-quote-is-layout-flow\"><p> Il a \u00e9crit : Wow, tant de gens qui n&rsquo;ont jamais comment\u00e9 \/ aim\u00e9 mon message \u00e0 moins que vous ne voyiez quelque chose de n\u00e9gatif. Honte \u00e0 vous! Aux vrais supporters, un amour! Tout le monde, bon adieu!<\/p><\/blockquote>\n\n\n\n<blockquote class=\"wp-block-quote is-layout-flow wp-block-quote-is-layout-flow\"><p>Un fan a \u00e9crit que Dorado \u00abessayait simplement d&rsquo;attirer notre attention parce que vous n&rsquo;avez pas de supporters\u00bb.<\/p><p>Dorado a r\u00e9pondu : Votre m\u00e8re ne vous aime pas!<\/p><\/blockquote>\n\n\n\n<blockquote class=\"wp-block-quote is-layout-flow wp-block-quote-is-layout-flow\"><p>L&rsquo;\u00e9change s&rsquo;est poursuivi lorsque le fan a d\u00e9clar\u00e9 que ce n&rsquo;\u00e9tait pas si grave, car ils ont commenc\u00e9 \u00e0 pr\u00eater attention \u00e0 Dorado la semaine derni\u00e8re.<\/p><p>Dorado a r\u00e9pondu : La paix si vous ne la donnez pas d\u00e8s le premier jour n&rsquo;en avez pas besoin maintenant.<\/p><\/blockquote>\n\n\n\n<blockquote class=\"wp-block-quote is-layout-flow wp-block-quote-is-layout-flow\"><p>Un autre fan a \u00e9crit : Vous dites que votre m\u00e8re vous a quitt\u00e9?<\/p><p>C&rsquo;est le meilleur que vous ayez? J&rsquo;ai recycl\u00e9 mon retour sacr\u00e9ment boiteux, a r\u00e9pondu Dorado.<\/p><\/blockquote>\n\n\n\n<blockquote class=\"wp-block-quote is-layout-flow wp-block-quote-is-layout-flow\"><p>Dorado a \u00e9galement r\u00e9pondu \u00e0 un commentaire qui disait qu&rsquo;il \u00e9tait d\u00e9prim\u00e9 parce qu&rsquo;il ne pouvait pas obtenir le soutien des fans.<\/p><p>Il a \u00e9crit : ma vie d\u00e9prim\u00e9e est incroyable, mon pote! $ \u00e0 la banque, ma fille qu&rsquo;est-ce que tu as? Lol <\/p><\/blockquote>\n\n\n\n<blockquote class=\"wp-block-quote is-layout-flow wp-block-quote-is-layout-flow\"><p>Dorado a dit \u00e0 un autre fan : J&rsquo;esp\u00e8re qu&rsquo;un jour tu trouveras ce qui te rend heureux mon pote lol<\/p><\/blockquote>\n\n\n\n<blockquote class=\"wp-block-quote is-layout-flow wp-block-quote-is-layout-flow\"><p>L&rsquo;un des fans a continu\u00e9 \u00e0 narguer Dorado et a tent\u00e9 d&rsquo;insulter les fans autistes.<\/p><p>Dorado a ripost\u00e9, fa\u00e7on de se moquer des gens formidables. Vous avez \u00e9t\u00e9 effac\u00e9 de ma m\u00e9moire.<\/p><\/blockquote>\n\n\n\n<p>On ne sait pas encore en quoi consiste le teaser de masque de Dorado, mais nous vous tiendrons au courant. Dorado est actuellement impliqu\u00e9 dans un sc\u00e9nario de SmackDown avec ses partenaires du Lucha House Party Kalisto et Metalik, o\u00f9 il a \u00e9t\u00e9 annonc\u00e9 que Dorado et Metalik pourraient se s\u00e9parer avec Kalisto en raison de la tension dans le groupe depuis le retour de Kalisto plus t\u00f4t cet \u00e9t\u00e9.<\/p>\n\n\n\n<p><\/p>\n<p><\/p>","protected":false},"excerpt":{"rendered":"<p>La superstar de la WWE SmackDown, Lince Dorado, taquine un changement possible de son look. Dorado s&rsquo;est rendu sur Instagram ce matin et a publi\u00e9 une photo qui indique qu&rsquo;il est peut-\u00eatre en train de dire au revoir \u00e0 son masque lucha. Il a l\u00e9gend\u00e9 la photo avec \u00abAu revoir\u00bb La photo a conduit Dorado&#8230;<\/p>\n","protected":false},"author":665,"featured_media":36747,"comment_status":"open","ping_status":"closed","sticky":false,"template":"","format":"standard","meta":{"footnotes":""},"categories":[4,36,23],"tags":[],"ppma_author":[289],"class_list":["post-36667","post","type-post","status-publish","format-standard","has-post-thumbnail","hentry","category-news","category-smackdown","category-wwe"],"authors":[{"term_id":289,"user_id":665,"is_guest":0,"slug":"line","display_name":"Line Edmond","avatar_url":"https:\/\/secure.gravatar.com\/avatar\/852de09636413c90cdaa278312f9ea5bc4396768745424755cb63d99a05989d0?s=96&d=mm&r=g","0":null,"1":"","2":"","3":"","4":"","5":"","6":"","7":"","8":""}],"_links":{"self":[{"href":"https:\/\/www.jdx.info\/lutte\/wp-json\/wp\/v2\/posts\/36667","targetHints":{"allow":["GET"]}}],"collection":[{"href":"https:\/\/www.jdx.info\/lutte\/wp-json\/wp\/v2\/posts"}],"about":[{"href":"https:\/\/www.jdx.info\/lutte\/wp-json\/wp\/v2\/types\/post"}],"author":[{"embeddable":true,"href":"https:\/\/www.jdx.info\/lutte\/wp-json\/wp\/v2\/users\/665"}],"replies":[{"embeddable":true,"href":"https:\/\/www.jdx.info\/lutte\/wp-json\/wp\/v2\/comments?post=36667"}],"version-history":[{"count":2,"href":"https:\/\/www.jdx.info\/lutte\/wp-json\/wp\/v2\/posts\/36667\/revisions"}],"predecessor-version":[{"id":36748,"href":"https:\/\/www.jdx.info\/lutte\/wp-json\/wp\/v2\/posts\/36667\/revisions\/36748"}],"wp:featuredmedia":[{"embeddable":true,"href":"https:\/\/www.jdx.info\/lutte\/wp-json\/wp\/v2\/media\/36747"}],"wp:attachment":[{"href":"https:\/\/www.jdx.info\/lutte\/wp-json\/wp\/v2\/media?parent=36667"}],"wp:term":[{"taxonomy":"category","embeddable":true,"href":"https:\/\/www.jdx.info\/lutte\/wp-json\/wp\/v2\/categories?post=36667"},{"taxonomy":"post_tag","embeddable":true,"href":"https:\/\/www.jdx.info\/lutte\/wp-json\/wp\/v2\/tags?post=36667"},{"taxonomy":"author","embeddable":true,"href":"https:\/\/www.jdx.info\/lutte\/wp-json\/wp\/v2\/ppma_author?post=36667"}],"curies":[{"name":"wp","href":"https:\/\/api.w.org\/{rel}","templated":true}]}}